{"id":43123,"date":"2026-09-02T16:41:41","date_gmt":"2026-09-02T19:41:41","guid":{"rendered":"https:\/\/itingagospel.com.br\/portal\/?p=43123"},"modified":"2026-09-02T16:41:42","modified_gmt":"2026-09-02T19:41:42","slug":"marcelo-dias-e-fabiana-unem-propositos-em-geracao-santa-com-a-participacao-do-filho-mizael","status":"publish","type":"post","link":"https:\/\/itingagospel.com.br\/portal\/marcelo-dias-e-fabiana-unem-propositos-em-geracao-santa-com-a-participacao-do-filho-mizael\/","title":{"rendered":"Marcelo Dias e Fabiana unem prop\u00f3sitos em \u201cGera\u00e7\u00e3o Santa\u201d, com a participa\u00e7\u00e3o do filho Mizael"},"content":{"rendered":"\n<p class=\"wp-block-paragraph\"><em>A can\u00e7\u00e3o abre o EP \u201cResposta\u201d e transforma a hist\u00f3ria de Daniel em um chamado \u00e0 fidelidade em meio \u00e0 cultura do mundo.<\/em><\/p>\n\n\n\n<figure class=\"wp-block-image size-full\"><img decoding=\"async\" width=\"900\" height=\"600\" src=\"https:\/\/itingagospel.com.br\/portal\/wp-content\/uploads\/2026\/09\/Marcelo-Dias-e-Fabiana-unem-propositos-em-Geracao-Santa-com-a-participacao-do-filho-Mizael.jpg\" alt=\"\" class=\"wp-image-43124\" srcset=\"https:\/\/itingagospel.com.br\/portal\/wp-content\/uploads\/2026\/09\/Marcelo-Dias-e-Fabiana-unem-propositos-em-Geracao-Santa-com-a-participacao-do-filho-Mizael.jpg 900w, https:\/\/itingagospel.com.br\/portal\/wp-content\/uploads\/2026\/09\/Marcelo-Dias-e-Fabiana-unem-propositos-em-Geracao-Santa-com-a-participacao-do-filho-Mizael-640x427.jpg 640w, https:\/\/itingagospel.com.br\/portal\/wp-content\/uploads\/2026\/09\/Marcelo-Dias-e-Fabiana-unem-propositos-em-Geracao-Santa-com-a-participacao-do-filho-Mizael-200x133.jpg 200w, https:\/\/itingagospel.com.br\/portal\/wp-content\/uploads\/2026\/09\/Marcelo-Dias-e-Fabiana-unem-propositos-em-Geracao-Santa-com-a-participacao-do-filho-Mizael-768x512.jpg 768w\" sizes=\"(max-width: 900px) 100vw, 900px\" \/><figcaption class=\"wp-element-caption\">Foto: Jorge Bianco<\/figcaption><\/figure>\n\n\n\n<p class=\"wp-block-paragraph\">Em um tempo em que tantas vozes disputam espa\u00e7o e tentam definir valores, permanecer fiel a Deus continua sendo uma importante escolha. \u00c9 justamente dessa decis\u00e3o que nasce \u201c<em>Gera\u00e7\u00e3o Santa<\/em>\u201d, lan\u00e7amento de Marcelo Dias e Fabiana com participa\u00e7\u00e3o especial do filho, Mizael Ben-Zion. Primeiro projeto da dupla pela DMG, o&nbsp;<em>single<\/em>&nbsp;autoral, composto por Marcelo Dias e Fabiana, abre o EP \u201c<em>Resposta<\/em>\u201d, que reunir\u00e1 can\u00e7\u00f5es in\u00e9ditas e regrava\u00e7\u00f5es de sucessos da adora\u00e7\u00e3o.<\/p>\n\n\n\n<p class=\"wp-block-paragraph\">Emspirada na hist\u00f3ria de Daniel, a m\u00fasica parte de um epis\u00f3dio que atravessa os s\u00e9culos com uma pergunta extremamente atual: como viver de acordo com a cultura do Reino quando tudo ao redor aponta para outra dire\u00e7\u00e3o? Levado ainda jovem para a Babil\u00f4nia, Daniel estava distante de Jerusal\u00e9m e inserido em uma sociedade com valores, costumes e cren\u00e7as diferentes dos seus. Ainda assim, decidiu permanecer fiel a Deus e \u201c<em>assentou em seu cora\u00e7\u00e3o n\u00e3o se contaminar<\/em>\u201d com a mesa do rei (Daniel 1.8). Para Marcelo Dias, essa atitude mostra que santidade n\u00e3o depende do ambiente, mas de uma decis\u00e3o pessoal. \u201c<em>D\u00e1 para ser santo nesta gera\u00e7\u00e3o, basta uma decis\u00e3o! Ele n\u00e3o atribui a culpa aos outros, a responsabilidade \u00e9 nossa. Eu posso, voc\u00ea pode ser santo nesta gera\u00e7\u00e3o<\/em>\u201d, ele afirma.<\/p>\n\n\n\n<p class=\"wp-block-paragraph\">A mensagem ganha ainda mais for\u00e7a ao ser cantada por diferentes gera\u00e7\u00f5es. Com mais de 25 anos de carreira, 13 milh\u00f5es de&nbsp;<em>streams<\/em>&nbsp;e discos de ouro e platina, Marcelo Dias e Fabiana unem a experi\u00eancia de sua trajet\u00f3ria \u00e0 participa\u00e7\u00e3o de Mizael, filho do casal, estabelecendo uma ponte entre aquilo que receberam e aquilo que desejam transmitir \u00e0 nova gera\u00e7\u00e3o. Musicalmente, \u201c<em>Gera\u00e7\u00e3o Santa<\/em>\u201d passeia pelo pop e pela sonoridade pentecostal, refor\u00e7ando a proposta de uma can\u00e7\u00e3o contempor\u00e2nea, mas firmemente ancorada na Palavra de Deus. A produ\u00e7\u00e3o musical, os arranjos e os viol\u00f5es s\u00e3o assinados pelo maestro Melk Carvalhedo. A faixa foi gravada no est\u00fadio e centro criativo Garagem 133, no Tatuap\u00e9, em S\u00e3o Paulo (SP), com produ\u00e7\u00e3o da Multiforme Filmes e dire\u00e7\u00e3o de Gide\u00e3o Morais.<\/p>\n\n\n\n<p class=\"wp-block-paragraph\">Mais do que uma can\u00e7\u00e3o sobre Daniel, \u201c<em>Gera\u00e7\u00e3o Santa<\/em>\u201d \u00e9 uma convoca\u00e7\u00e3o para quem deseja viver sua f\u00e9 sem negociar seus princ\u00edpios. Assim como Daniel influenciou seus contempor\u00e2neos e inspirou Sadraque, Mesaque e Abede-Nego a permanecerem firmes, a dupla espera que a m\u00fasica tamb\u00e9m desperte uma gera\u00e7\u00e3o para uma vida de fidelidade a Deus.<\/p>\n\n\n\n<p class=\"wp-block-paragraph\">\u201c<em>Queridos, com muita alegria compartilhamos com voc\u00eas este lindo louvor, que primeiramente nasceu no cora\u00e7\u00e3o de Deus! \u00c9 tempo de entendermos e declararmos que d\u00e1 para ser santo nesta gera\u00e7\u00e3o, ainda que ela esteja sendo bombardeada pela cultura do mundo. Sejamos como Daniel, decididos a viver a cultura do Reino e a abdicar de tudo aquilo que possa desagradar ao Rei dos Reis. Que este louvor seja um divisor de \u00e1guas em sua vida<\/em>!\u201d, declaram Marcelo Dias e Fabiana.<\/p>\n\n\n\n<figure class=\"wp-block-embed is-type-video is-provider-youtube wp-block-embed-youtube wp-embed-aspect-16-9 wp-has-aspect-ratio\"><div class=\"wp-block-embed__wrapper\">\n<iframe loading=\"lazy\" title=\"Marcelo Dias &amp; Fabiana e Mizael Ben-Zion | Gera\u00e7\u00e3o Santa (Clipe Oficial)\" width=\"800\" height=\"450\" src=\"https:\/\/www.youtube.com\/embed\/6O8bahwX80Y?start=25&amp;feature=oembed\" frameborder=\"0\" allow=\"accelerometer; autoplay; clipboard-write; encrypted-media; gyroscope; picture-in-picture; web-share\" referrerpolicy=\"strict-origin-when-cross-origin\" allowfullscreen><\/iframe>\n<\/div><\/figure>\n\n\n\n<p class=\"wp-block-paragraph\"><strong>Ou\u00e7a&nbsp;<\/strong><strong>a can\u00e7\u00e3o&nbsp;<\/strong><strong>\u201c<em>Gera\u00e7\u00e3o Santa<\/em>\u201d&nbsp;<\/strong><strong>nas plataformas digitais:&nbsp;<\/strong><a href=\"https:\/\/dmg-marcelodiasefabiana.lnk.to\/geracaosanta\">https:\/\/dmg-marcelodiasefabiana.lnk.to\/geracaosanta<\/a><\/p>\n\n\n\n<p class=\"wp-block-paragraph\"><strong>Instagrans!<br>Marcelo Dias &amp; Fabiana\u00a0<\/strong><a href=\"https:\/\/www.instagram.com\/marcelodiasefabiana\">https:\/\/www.instagram.com\/marcelodiasefabiana<\/a><br><strong>Digital Music Group:<\/strong>\u00a0<a href=\"https:\/\/www.instagram.com\/digitalmusicgroup\">https:\/\/www.instagram.com\/digitalmusicgroup<\/a><\/p>\n\n\n\n<p class=\"wp-block-paragraph\"><strong>Por Ana Paula Costa<br>Jornalista \u2013 Assessoria de Imprensa Digital Music Group (DMG)<\/strong><\/p>\n","protected":false},"excerpt":{"rendered":"<p>A can\u00e7\u00e3o abre o EP \u201cResposta\u201d e transforma a hist\u00f3ria de Daniel em um chamado \u00e0 fidelidade em meio \u00e0<\/p>\n","protected":false},"author":1,"featured_media":43124,"comment_status":"closed","ping_status":"open","sticky":false,"template":"","format":"standard","meta":{"colormag_page_container_layout":"default_layout","colormag_page_sidebar_layout":"default_layout","_uag_custom_page_level_css":"","h5ap_radio_sources":[],"footnotes":""},"categories":[9,5],"tags":[],"class_list":["post-43123","post","type-post","status-publish","format-standard","has-post-thumbnail","hentry","category-eventos","category-musica"],"yoast_head":"<!-- This site is optimized with the Yoast SEO plugin v28.4 - https:\/\/yoast.com\/product\/yoast-seo-wordpress\/ -->\n<title>Marcelo Dias e Fabiana unem prop\u00f3sitos em \u201cGera\u00e7\u00e3o Santa\u201d, com a participa\u00e7\u00e3o do filho Mizael - Itinga Gospel<\/title>\n<meta name=\"robots\" content=\"index, follow, max-snippet:-1, max-image-preview:large, max-video-preview:-1\" \/>\n<link rel=\"canonical\" href=\"https:\/\/itingagospel.com.br\/portal\/marcelo-dias-e-fabiana-unem-propositos-em-geracao-santa-com-a-participacao-do-filho-mizael\/\" \/>\n<meta property=\"og:locale\" content=\"pt_BR\" \/>\n<meta property=\"og:type\" content=\"article\" \/>\n<meta property=\"og:title\" content=\"Marcelo Dias e Fabiana unem prop\u00f3sitos em \u201cGera\u00e7\u00e3o Santa\u201d, com a participa\u00e7\u00e3o do filho Mizael - Itinga Gospel\" \/>\n<meta property=\"og:description\" content=\"A can\u00e7\u00e3o abre o EP \u201cResposta\u201d e transforma a hist\u00f3ria de Daniel em um chamado \u00e0 fidelidade em meio \u00e0\" \/>\n<meta property=\"og:url\" content=\"https:\/\/itingagospel.com.br\/portal\/marcelo-dias-e-fabiana-unem-propositos-em-geracao-santa-com-a-participacao-do-filho-mizael\/\" \/>\n<meta property=\"og:site_name\" content=\"Itinga Gospel\" \/>\n<meta property=\"article:published_time\" content=\"2026-09-02T19:41:41+00:00\" \/>\n<meta property=\"article:modified_time\" content=\"2026-09-02T19:41:42+00:00\" \/>\n<meta property=\"og:image\" content=\"https:\/\/itingagospel.com.br\/portal\/wp-content\/uploads\/2026\/09\/Marcelo-Dias-e-Fabiana-unem-propositos-em-Geracao-Santa-com-a-participacao-do-filho-Mizael.jpg\" \/>\n\t<meta property=\"og:image:width\" content=\"900\" \/>\n\t<meta property=\"og:image:height\" content=\"600\" \/>\n\t<meta property=\"og:image:type\" content=\"image\/jpeg\" \/>\n<meta name=\"author\" content=\"itingagospel\" \/>\n<meta name=\"twitter:card\" content=\"summary_large_image\" \/>\n<meta name=\"twitter:label1\" content=\"Escrito por\" \/>\n\t<meta name=\"twitter:data1\" content=\"itingagospel\" \/>\n\t<meta name=\"twitter:label2\" content=\"Est. tempo de leitura\" \/>\n\t<meta name=\"twitter:data2\" content=\"4 minutos\" \/>\n<script type=\"application\/ld+json\" class=\"yoast-schema-graph\">{\"@context\":\"https:\\\/\\\/schema.org\",\"@graph\":[{\"@type\":\"Article\",\"@id\":\"https:\\\/\\\/itingagospel.com.br\\\/portal\\\/marcelo-dias-e-fabiana-unem-propositos-em-geracao-santa-com-a-participacao-do-filho-mizael\\\/#article\",\"isPartOf\":{\"@id\":\"https:\\\/\\\/itingagospel.com.br\\\/portal\\\/marcelo-dias-e-fabiana-unem-propositos-em-geracao-santa-com-a-participacao-do-filho-mizael\\\/\"},\"author\":{\"name\":\"itingagospel\",\"@id\":\"https:\\\/\\\/itingagospel.com.br\\\/portal\\\/#\\\/schema\\\/person\\\/35bfe40a3857f9e7e52d8cd137bb766b\"},\"headline\":\"Marcelo Dias e Fabiana unem prop\u00f3sitos em \u201cGera\u00e7\u00e3o Santa\u201d, com a participa\u00e7\u00e3o do filho Mizael\",\"datePublished\":\"2026-09-02T19:41:41+00:00\",\"dateModified\":\"2026-09-02T19:41:42+00:00\",\"mainEntityOfPage\":{\"@id\":\"https:\\\/\\\/itingagospel.com.br\\\/portal\\\/marcelo-dias-e-fabiana-unem-propositos-em-geracao-santa-com-a-participacao-do-filho-mizael\\\/\"},\"wordCount\":615,\"publisher\":{\"@id\":\"https:\\\/\\\/itingagospel.com.br\\\/portal\\\/#\\\/schema\\\/person\\\/35bfe40a3857f9e7e52d8cd137bb766b\"},\"image\":{\"@id\":\"https:\\\/\\\/itingagospel.com.br\\\/portal\\\/marcelo-dias-e-fabiana-unem-propositos-em-geracao-santa-com-a-participacao-do-filho-mizael\\\/#primaryimage\"},\"thumbnailUrl\":\"https:\\\/\\\/itingagospel.com.br\\\/portal\\\/wp-content\\\/uploads\\\/2026\\\/09\\\/Marcelo-Dias-e-Fabiana-unem-propositos-em-Geracao-Santa-com-a-participacao-do-filho-Mizael.jpg\",\"articleSection\":[\"EVENTOS\",\"M\u00daSICA\"],\"inLanguage\":\"pt-BR\"},{\"@type\":\"WebPage\",\"@id\":\"https:\\\/\\\/itingagospel.com.br\\\/portal\\\/marcelo-dias-e-fabiana-unem-propositos-em-geracao-santa-com-a-participacao-do-filho-mizael\\\/\",\"url\":\"https:\\\/\\\/itingagospel.com.br\\\/portal\\\/marcelo-dias-e-fabiana-unem-propositos-em-geracao-santa-com-a-participacao-do-filho-mizael\\\/\",\"name\":\"Marcelo Dias e Fabiana unem prop\u00f3sitos em \u201cGera\u00e7\u00e3o Santa\u201d, com a participa\u00e7\u00e3o do filho Mizael - Itinga Gospel\",\"isPartOf\":{\"@id\":\"https:\\\/\\\/itingagospel.com.br\\\/portal\\\/#website\"},\"primaryImageOfPage\":{\"@id\":\"https:\\\/\\\/itingagospel.com.br\\\/portal\\\/marcelo-dias-e-fabiana-unem-propositos-em-geracao-santa-com-a-participacao-do-filho-mizael\\\/#primaryimage\"},\"image\":{\"@id\":\"https:\\\/\\\/itingagospel.com.br\\\/portal\\\/marcelo-dias-e-fabiana-unem-propositos-em-geracao-santa-com-a-participacao-do-filho-mizael\\\/#primaryimage\"},\"thumbnailUrl\":\"https:\\\/\\\/itingagospel.com.br\\\/portal\\\/wp-content\\\/uploads\\\/2026\\\/09\\\/Marcelo-Dias-e-Fabiana-unem-propositos-em-Geracao-Santa-com-a-participacao-do-filho-Mizael.jpg\",\"datePublished\":\"2026-09-02T19:41:41+00:00\",\"dateModified\":\"2026-09-02T19:41:42+00:00\",\"breadcrumb\":{\"@id\":\"https:\\\/\\\/itingagospel.com.br\\\/portal\\\/marcelo-dias-e-fabiana-unem-propositos-em-geracao-santa-com-a-participacao-do-filho-mizael\\\/#breadcrumb\"},\"inLanguage\":\"pt-BR\",\"potentialAction\":[{\"@type\":\"ReadAction\",\"target\":[\"https:\\\/\\\/itingagospel.com.br\\\/portal\\\/marcelo-dias-e-fabiana-unem-propositos-em-geracao-santa-com-a-participacao-do-filho-mizael\\\/\"]}]},{\"@type\":\"ImageObject\",\"inLanguage\":\"pt-BR\",\"@id\":\"https:\\\/\\\/itingagospel.com.br\\\/portal\\\/marcelo-dias-e-fabiana-unem-propositos-em-geracao-santa-com-a-participacao-do-filho-mizael\\\/#primaryimage\",\"url\":\"https:\\\/\\\/itingagospel.com.br\\\/portal\\\/wp-content\\\/uploads\\\/2026\\\/09\\\/Marcelo-Dias-e-Fabiana-unem-propositos-em-Geracao-Santa-com-a-participacao-do-filho-Mizael.jpg\",\"contentUrl\":\"https:\\\/\\\/itingagospel.com.br\\\/portal\\\/wp-content\\\/uploads\\\/2026\\\/09\\\/Marcelo-Dias-e-Fabiana-unem-propositos-em-Geracao-Santa-com-a-participacao-do-filho-Mizael.jpg\",\"width\":900,\"height\":600},{\"@type\":\"BreadcrumbList\",\"@id\":\"https:\\\/\\\/itingagospel.com.br\\\/portal\\\/marcelo-dias-e-fabiana-unem-propositos-em-geracao-santa-com-a-participacao-do-filho-mizael\\\/#breadcrumb\",\"itemListElement\":[{\"@type\":\"ListItem\",\"position\":1,\"name\":\"In\u00edcio\",\"item\":\"https:\\\/\\\/itingagospel.com.br\\\/portal\\\/\"},{\"@type\":\"ListItem\",\"position\":2,\"name\":\"Marcelo Dias e Fabiana unem prop\u00f3sitos em \u201cGera\u00e7\u00e3o Santa\u201d, com a participa\u00e7\u00e3o do filho Mizael\"}]},{\"@type\":\"WebSite\",\"@id\":\"https:\\\/\\\/itingagospel.com.br\\\/portal\\\/#website\",\"url\":\"https:\\\/\\\/itingagospel.com.br\\\/portal\\\/\",\"name\":\"Itinga Gospel\",\"description\":\"O Portal do Povo de Deus na Bahia\",\"publisher\":{\"@id\":\"https:\\\/\\\/itingagospel.com.br\\\/portal\\\/#\\\/schema\\\/person\\\/35bfe40a3857f9e7e52d8cd137bb766b\"},\"potentialAction\":[{\"@type\":\"SearchAction\",\"target\":{\"@type\":\"EntryPoint\",\"urlTemplate\":\"https:\\\/\\\/itingagospel.com.br\\\/portal\\\/?s={search_term_string}\"},\"query-input\":{\"@type\":\"PropertyValueSpecification\",\"valueRequired\":true,\"valueName\":\"search_term_string\"}}],\"inLanguage\":\"pt-BR\"},{\"@type\":[\"Person\",\"Organization\"],\"@id\":\"https:\\\/\\\/itingagospel.com.br\\\/portal\\\/#\\\/schema\\\/person\\\/35bfe40a3857f9e7e52d8cd137bb766b\",\"name\":\"itingagospel\",\"image\":{\"@type\":\"ImageObject\",\"inLanguage\":\"pt-BR\",\"@id\":\"https:\\\/\\\/itingagospel.com.br\\\/portal\\\/wp-content\\\/uploads\\\/2022\\\/10\\\/cropped-logitingagospel.png\",\"url\":\"https:\\\/\\\/itingagospel.com.br\\\/portal\\\/wp-content\\\/uploads\\\/2022\\\/10\\\/cropped-logitingagospel.png\",\"contentUrl\":\"https:\\\/\\\/itingagospel.com.br\\\/portal\\\/wp-content\\\/uploads\\\/2022\\\/10\\\/cropped-logitingagospel.png\",\"width\":512,\"height\":512,\"caption\":\"itingagospel\"},\"logo\":{\"@id\":\"https:\\\/\\\/itingagospel.com.br\\\/portal\\\/wp-content\\\/uploads\\\/2022\\\/10\\\/cropped-logitingagospel.png\"},\"url\":\"https:\\\/\\\/itingagospel.com.br\\\/portal\\\/author\\\/itingagospel\\\/\"}]}<\/script>\n<!-- \/ Yoast SEO plugin. -->","yoast_head_json":{"title":"Marcelo Dias e Fabiana unem prop\u00f3sitos em \u201cGera\u00e7\u00e3o Santa\u201d, com a participa\u00e7\u00e3o do filho Mizael - Itinga Gospel","robots":{"index":"index","follow":"follow","max-snippet":"max-snippet:-1","max-image-preview":"max-image-preview:large","max-video-preview":"max-video-preview:-1"},"canonical":"https:\/\/itingagospel.com.br\/portal\/marcelo-dias-e-fabiana-unem-propositos-em-geracao-santa-com-a-participacao-do-filho-mizael\/","og_locale":"pt_BR","og_type":"article","og_title":"Marcelo Dias e Fabiana unem prop\u00f3sitos em \u201cGera\u00e7\u00e3o Santa\u201d, com a participa\u00e7\u00e3o do filho Mizael - Itinga Gospel","og_description":"A can\u00e7\u00e3o abre o EP \u201cResposta\u201d e transforma a hist\u00f3ria de Daniel em um chamado \u00e0 fidelidade em meio \u00e0","og_url":"https:\/\/itingagospel.com.br\/portal\/marcelo-dias-e-fabiana-unem-propositos-em-geracao-santa-com-a-participacao-do-filho-mizael\/","og_site_name":"Itinga Gospel","article_published_time":"2026-09-02T19:41:41+00:00","article_modified_time":"2026-09-02T19:41:42+00:00","og_image":[{"width":900,"height":600,"url":"https:\/\/itingagospel.com.br\/portal\/wp-content\/uploads\/2026\/09\/Marcelo-Dias-e-Fabiana-unem-propositos-em-Geracao-Santa-com-a-participacao-do-filho-Mizael.jpg","type":"image\/jpeg"}],"author":"itingagospel","twitter_card":"summary_large_image","twitter_misc":{"Escrito por":"itingagospel","Est. tempo de leitura":"4 minutos"},"schema":{"@context":"https:\/\/schema.org","@graph":[{"@type":"Article","@id":"https:\/\/itingagospel.com.br\/portal\/marcelo-dias-e-fabiana-unem-propositos-em-geracao-santa-com-a-participacao-do-filho-mizael\/#article","isPartOf":{"@id":"https:\/\/itingagospel.com.br\/portal\/marcelo-dias-e-fabiana-unem-propositos-em-geracao-santa-com-a-participacao-do-filho-mizael\/"},"author":{"name":"itingagospel","@id":"https:\/\/itingagospel.com.br\/portal\/#\/schema\/person\/35bfe40a3857f9e7e52d8cd137bb766b"},"headline":"Marcelo Dias e Fabiana unem prop\u00f3sitos em \u201cGera\u00e7\u00e3o Santa\u201d, com a participa\u00e7\u00e3o do filho Mizael","datePublished":"2026-09-02T19:41:41+00:00","dateModified":"2026-09-02T19:41:42+00:00","mainEntityOfPage":{"@id":"https:\/\/itingagospel.com.br\/portal\/marcelo-dias-e-fabiana-unem-propositos-em-geracao-santa-com-a-participacao-do-filho-mizael\/"},"wordCount":615,"publisher":{"@id":"https:\/\/itingagospel.com.br\/portal\/#\/schema\/person\/35bfe40a3857f9e7e52d8cd137bb766b"},"image":{"@id":"https:\/\/itingagospel.com.br\/portal\/marcelo-dias-e-fabiana-unem-propositos-em-geracao-santa-com-a-participacao-do-filho-mizael\/#primaryimage"},"thumbnailUrl":"https:\/\/itingagospel.com.br\/portal\/wp-content\/uploads\/2026\/09\/Marcelo-Dias-e-Fabiana-unem-propositos-em-Geracao-Santa-com-a-participacao-do-filho-Mizael.jpg","articleSection":["EVENTOS","M\u00daSICA"],"inLanguage":"pt-BR"},{"@type":"WebPage","@id":"https:\/\/itingagospel.com.br\/portal\/marcelo-dias-e-fabiana-unem-propositos-em-geracao-santa-com-a-participacao-do-filho-mizael\/","url":"https:\/\/itingagospel.com.br\/portal\/marcelo-dias-e-fabiana-unem-propositos-em-geracao-santa-com-a-participacao-do-filho-mizael\/","name":"Marcelo Dias e Fabiana unem prop\u00f3sitos em \u201cGera\u00e7\u00e3o Santa\u201d, com a participa\u00e7\u00e3o do filho Mizael - Itinga Gospel","isPartOf":{"@id":"https:\/\/itingagospel.com.br\/portal\/#website"},"primaryImageOfPage":{"@id":"https:\/\/itingagospel.com.br\/portal\/marcelo-dias-e-fabiana-unem-propositos-em-geracao-santa-com-a-participacao-do-filho-mizael\/#primaryimage"},"image":{"@id":"https:\/\/itingagospel.com.br\/portal\/marcelo-dias-e-fabiana-unem-propositos-em-geracao-santa-com-a-participacao-do-filho-mizael\/#primaryimage"},"thumbnailUrl":"https:\/\/itingagospel.com.br\/portal\/wp-content\/uploads\/2026\/09\/Marcelo-Dias-e-Fabiana-unem-propositos-em-Geracao-Santa-com-a-participacao-do-filho-Mizael.jpg","datePublished":"2026-09-02T19:41:41+00:00","dateModified":"2026-09-02T19:41:42+00:00","breadcrumb":{"@id":"https:\/\/itingagospel.com.br\/portal\/marcelo-dias-e-fabiana-unem-propositos-em-geracao-santa-com-a-participacao-do-filho-mizael\/#breadcrumb"},"inLanguage":"pt-BR","potentialAction":[{"@type":"ReadAction","target":["https:\/\/itingagospel.com.br\/portal\/marcelo-dias-e-fabiana-unem-propositos-em-geracao-santa-com-a-participacao-do-filho-mizael\/"]}]},{"@type":"ImageObject","inLanguage":"pt-BR","@id":"https:\/\/itingagospel.com.br\/portal\/marcelo-dias-e-fabiana-unem-propositos-em-geracao-santa-com-a-participacao-do-filho-mizael\/#primaryimage","url":"https:\/\/itingagospel.com.br\/portal\/wp-content\/uploads\/2026\/09\/Marcelo-Dias-e-Fabiana-unem-propositos-em-Geracao-Santa-com-a-participacao-do-filho-Mizael.jpg","contentUrl":"https:\/\/itingagospel.com.br\/portal\/wp-content\/uploads\/2026\/09\/Marcelo-Dias-e-Fabiana-unem-propositos-em-Geracao-Santa-com-a-participacao-do-filho-Mizael.jpg","width":900,"height":600},{"@type":"BreadcrumbList","@id":"https:\/\/itingagospel.com.br\/portal\/marcelo-dias-e-fabiana-unem-propositos-em-geracao-santa-com-a-participacao-do-filho-mizael\/#breadcrumb","itemListElement":[{"@type":"ListItem","position":1,"name":"In\u00edcio","item":"https:\/\/itingagospel.com.br\/portal\/"},{"@type":"ListItem","position":2,"name":"Marcelo Dias e Fabiana unem prop\u00f3sitos em \u201cGera\u00e7\u00e3o Santa\u201d, com a participa\u00e7\u00e3o do filho Mizael"}]},{"@type":"WebSite","@id":"https:\/\/itingagospel.com.br\/portal\/#website","url":"https:\/\/itingagospel.com.br\/portal\/","name":"Itinga Gospel","description":"O Portal do Povo de Deus na Bahia","publisher":{"@id":"https:\/\/itingagospel.com.br\/portal\/#\/schema\/person\/35bfe40a3857f9e7e52d8cd137bb766b"},"potentialAction":[{"@type":"SearchAction","target":{"@type":"EntryPoint","urlTemplate":"https:\/\/itingagospel.com.br\/portal\/?s={search_term_string}"},"query-input":{"@type":"PropertyValueSpecification","valueRequired":true,"valueName":"search_term_string"}}],"inLanguage":"pt-BR"},{"@type":["Person","Organization"],"@id":"https:\/\/itingagospel.com.br\/portal\/#\/schema\/person\/35bfe40a3857f9e7e52d8cd137bb766b","name":"itingagospel","image":{"@type":"ImageObject","inLanguage":"pt-BR","@id":"https:\/\/itingagospel.com.br\/portal\/wp-content\/uploads\/2022\/10\/cropped-logitingagospel.png","url":"https:\/\/itingagospel.com.br\/portal\/wp-content\/uploads\/2022\/10\/cropped-logitingagospel.png","contentUrl":"https:\/\/itingagospel.com.br\/portal\/wp-content\/uploads\/2022\/10\/cropped-logitingagospel.png","width":512,"height":512,"caption":"itingagospel"},"logo":{"@id":"https:\/\/itingagospel.com.br\/portal\/wp-content\/uploads\/2022\/10\/cropped-logitingagospel.png"},"url":"https:\/\/itingagospel.com.br\/portal\/author\/itingagospel\/"}]}},"uagb_featured_image_src":{"full":["https:\/\/itingagospel.com.br\/portal\/wp-content\/uploads\/2026\/09\/Marcelo-Dias-e-Fabiana-unem-propositos-em-Geracao-Santa-com-a-participacao-do-filho-Mizael.jpg",900,600,false],"thumbnail":["https:\/\/itingagospel.com.br\/portal\/wp-content\/uploads\/2026\/09\/Marcelo-Dias-e-Fabiana-unem-propositos-em-Geracao-Santa-com-a-participacao-do-filho-Mizael-200x133.jpg",200,133,true],"medium":["https:\/\/itingagospel.com.br\/portal\/wp-content\/uploads\/2026\/09\/Marcelo-Dias-e-Fabiana-unem-propositos-em-Geracao-Santa-com-a-participacao-do-filho-Mizael-640x427.jpg",640,427,true],"medium_large":["https:\/\/itingagospel.com.br\/portal\/wp-content\/uploads\/2026\/09\/Marcelo-Dias-e-Fabiana-unem-propositos-em-Geracao-Santa-com-a-participacao-do-filho-Mizael-768x512.jpg",768,512,true],"large":["https:\/\/itingagospel.com.br\/portal\/wp-content\/uploads\/2026\/09\/Marcelo-Dias-e-Fabiana-unem-propositos-em-Geracao-Santa-com-a-participacao-do-filho-Mizael.jpg",800,533,false],"1536x1536":["https:\/\/itingagospel.com.br\/portal\/wp-content\/uploads\/2026\/09\/Marcelo-Dias-e-Fabiana-unem-propositos-em-Geracao-Santa-com-a-participacao-do-filho-Mizael.jpg",900,600,false],"2048x2048":["https:\/\/itingagospel.com.br\/portal\/wp-content\/uploads\/2026\/09\/Marcelo-Dias-e-Fabiana-unem-propositos-em-Geracao-Santa-com-a-participacao-do-filho-Mizael.jpg",900,600,false],"colormag-highlighted-post":["https:\/\/itingagospel.com.br\/portal\/wp-content\/uploads\/2026\/09\/Marcelo-Dias-e-Fabiana-unem-propositos-em-Geracao-Santa-com-a-participacao-do-filho-Mizael-392x272.jpg",392,272,true],"colormag-featured-post-medium":["https:\/\/itingagospel.com.br\/portal\/wp-content\/uploads\/2026\/09\/Marcelo-Dias-e-Fabiana-unem-propositos-em-Geracao-Santa-com-a-participacao-do-filho-Mizael-390x205.jpg",390,205,true],"colormag-featured-post-small":["https:\/\/itingagospel.com.br\/portal\/wp-content\/uploads\/2026\/09\/Marcelo-Dias-e-Fabiana-unem-propositos-em-Geracao-Santa-com-a-participacao-do-filho-Mizael-130x90.jpg",130,90,true],"colormag-featured-image":["https:\/\/itingagospel.com.br\/portal\/wp-content\/uploads\/2026\/09\/Marcelo-Dias-e-Fabiana-unem-propositos-em-Geracao-Santa-com-a-participacao-do-filho-Mizael-800x445.jpg",800,445,true],"colormag-default-news":["https:\/\/itingagospel.com.br\/portal\/wp-content\/uploads\/2026\/09\/Marcelo-Dias-e-Fabiana-unem-propositos-em-Geracao-Santa-com-a-participacao-do-filho-Mizael-150x150.jpg",150,150,true],"colormag-featured-image-large":["https:\/\/itingagospel.com.br\/portal\/wp-content\/uploads\/2026\/09\/Marcelo-Dias-e-Fabiana-unem-propositos-em-Geracao-Santa-com-a-participacao-do-filho-Mizael.jpg",900,600,false]},"uagb_author_info":{"display_name":"itingagospel","author_link":"https:\/\/itingagospel.com.br\/portal\/author\/itingagospel\/"},"uagb_comment_info":0,"uagb_excerpt":"A can\u00e7\u00e3o abre o EP \u201cResposta\u201d e transforma a hist\u00f3ria de Daniel em um chamado \u00e0 fidelidade em meio \u00e0","_links":{"self":[{"href":"https:\/\/itingagospel.com.br\/portal\/wp-json\/wp\/v2\/posts\/43123","targetHints":{"allow":["GET"]}}],"collection":[{"href":"https:\/\/itingagospel.com.br\/portal\/wp-json\/wp\/v2\/posts"}],"about":[{"href":"https:\/\/itingagospel.com.br\/portal\/wp-json\/wp\/v2\/types\/post"}],"author":[{"embeddable":true,"href":"https:\/\/itingagospel.com.br\/portal\/wp-json\/wp\/v2\/users\/1"}],"replies":[{"embeddable":true,"href":"https:\/\/itingagospel.com.br\/portal\/wp-json\/wp\/v2\/comments?post=43123"}],"version-history":[{"count":1,"href":"https:\/\/itingagospel.com.br\/portal\/wp-json\/wp\/v2\/posts\/43123\/revisions"}],"predecessor-version":[{"id":43125,"href":"https:\/\/itingagospel.com.br\/portal\/wp-json\/wp\/v2\/posts\/43123\/revisions\/43125"}],"wp:featuredmedia":[{"embeddable":true,"href":"https:\/\/itingagospel.com.br\/portal\/wp-json\/wp\/v2\/media\/43124"}],"wp:attachment":[{"href":"https:\/\/itingagospel.com.br\/portal\/wp-json\/wp\/v2\/media?parent=43123"}],"wp:term":[{"taxonomy":"category","embeddable":true,"href":"https:\/\/itingagospel.com.br\/portal\/wp-json\/wp\/v2\/categories?post=43123"},{"taxonomy":"post_tag","embeddable":true,"href":"https:\/\/itingagospel.com.br\/portal\/wp-json\/wp\/v2\/tags?post=43123"}],"curies":[{"name":"wp","href":"https:\/\/api.w.org\/{rel}","templated":true}]}}