{"id":42495,"date":"2026-03-24T09:16:25","date_gmt":"2026-03-24T12:16:25","guid":{"rendered":"https:\/\/itingagospel.com.br\/portal\/?p=42495"},"modified":"2026-03-24T09:22:26","modified_gmt":"2026-03-24T12:22:26","slug":"igreja-missao-apostolica-da-fe-em-antonio-goncalves-celebra-15-anos-com-grande-festa","status":"publish","type":"post","link":"https:\/\/itingagospel.com.br\/portal\/igreja-missao-apostolica-da-fe-em-antonio-goncalves-celebra-15-anos-com-grande-festa\/","title":{"rendered":"Igreja Miss\u00e3o Apost\u00f3lica da F\u00e9 em Ant\u00f4nio Gon\u00e7alves celebra 15 anos com grande festa"},"content":{"rendered":"\n<figure class=\"wp-block-image size-full\"><img decoding=\"async\" width=\"900\" height=\"506\" src=\"https:\/\/itingagospel.com.br\/portal\/wp-content\/uploads\/2026\/03\/igreja-missao-apostolica-da-fe-15-anos-antonio-goncalves-7.jpeg\" alt=\"\" class=\"wp-image-42514\" srcset=\"https:\/\/itingagospel.com.br\/portal\/wp-content\/uploads\/2026\/03\/igreja-missao-apostolica-da-fe-15-anos-antonio-goncalves-7.jpeg 900w, https:\/\/itingagospel.com.br\/portal\/wp-content\/uploads\/2026\/03\/igreja-missao-apostolica-da-fe-15-anos-antonio-goncalves-7-640x360.jpeg 640w, https:\/\/itingagospel.com.br\/portal\/wp-content\/uploads\/2026\/03\/igreja-missao-apostolica-da-fe-15-anos-antonio-goncalves-7-200x112.jpeg 200w, https:\/\/itingagospel.com.br\/portal\/wp-content\/uploads\/2026\/03\/igreja-missao-apostolica-da-fe-15-anos-antonio-goncalves-7-768x432.jpeg 768w\" sizes=\"(max-width: 900px) 100vw, 900px\" \/><\/figure>\n\n\n\n<p>A <strong>Igreja Miss\u00e3o Apost\u00f3lica da F\u00e9 em Ant\u00f4nio Gon\u00e7alves<\/strong> celebrou seus <strong>15 anos de minist\u00e9rio<\/strong> com uma grande festa realizada no \u00faltimo final de semana, nos dias 21, 22, e 23, reunindo fi\u00e9is da cidade e regi\u00e3o em momentos marcantes de f\u00e9, louvor e comunh\u00e3o.<\/p>\n\n\n\n<p>Com o tema <strong>\u201cEu sou o Deus Todo-Poderoso\u201d,<\/strong> durante os tr\u00eas dias de celebra\u00e7\u00e3o, diversos cantores e pregadores participaram da festividade.<br>No s\u00e1bado participaram os cantores Maria Jos\u00e9, Amilton Moura e Paula Fernandes, e ministrou a palavra o conferencista Edvan Fernandes.<br>Domingo os cantores Odeci de Jesus, Jardiala e J\u00e9ssica Alves, e a palavra foi ministrada pelo presb\u00edtero Cl\u00e9riston Alves.<br>E na Segunda-feira (Encerramento) participaram os cantores Gilberto F\u00e9lix, Gra\u00e7a e Paula Fernandes, e mais uma ministra\u00e7\u00e3o do conferencista Edvan Fernandes.<br>O encerramento da programa\u00e7\u00e3o foi marcado por um momento simb\u00f3lico e emocionante: o corte do bolo em comemora\u00e7\u00e3o aos 15 anos da igreja, celebrando uma trajet\u00f3ria constru\u00edda com f\u00e9, dedica\u00e7\u00e3o e testemunhos de milagres.<\/p>\n\n\n\n<p>Outro destaque do evento foram os sorteios realizados em todas as noites, incluindo cestas b\u00e1sicas e caixas de chocolates, proporcionando momentos de alegria e tamb\u00e9m contribuindo com a\u00e7\u00f5es sociais voltadas \u00e0 comunidade.<\/p>\n\n\n\n<p>A celebra\u00e7\u00e3o refor\u00e7a a import\u00e2ncia da <strong>Igreja Miss\u00e3o Apost\u00f3lica da F\u00e9 em Ant\u00f4nio Gon\u00e7alves<\/strong>, consolidando sua trajet\u00f3ria como uma hist\u00f3ria marcada por milagres e crescimento espiritual.<\/p>\n\n\n\t\t\t\t\t<div\n\t\t\t\t\t\tclass=\"wp-block-uagb-image-gallery uagb-block-cab0bcc2     \"\n\t\t\t\t\t\tstyle=\"\"\n\t\t\t\t\t>\n\t\t\t\t\t\t\t\t\t\t\t<div class=\"spectra-image-gallery spectra-image-gallery__layout--grid spectra-image-gallery__layout--grid-col-3 spectra-image-gallery__layout--grid-col-tab-3 spectra-image-gallery__layout--grid-col-mob-2\">\n\t\t\t\t\t\t\t\t\t\t\t<div class='spectra-image-gallery__media-wrapper' data-spectra-gallery-image-id='42497' tabindex=\"0\">\n\t\t\t\t\t\t\t<div class=\"spectra-image-gallery__media spectra-image-gallery__media--grid\">\n\t\t\t\t<picture>\n\t\t\t\t\t<source media=\"(min-width: 1024px)\" srcset=\"https:\/\/itingagospel.com.br\/portal\/wp-content\/uploads\/2026\/03\/igreja-missao-apostolica-da-fe-15-anos-antonio-goncalves-16.jpeg\">\n\t\t\t\t\t<source media=\"(min-width: 768px)\" srcset=\"https:\/\/itingagospel.com.br\/portal\/wp-content\/uploads\/2026\/03\/igreja-missao-apostolica-da-fe-15-anos-antonio-goncalves-16.jpeg\">\n\t\t\t\t\t<img decoding=\"async\" class=\"spectra-image-gallery__media-thumbnail spectra-image-gallery__media-thumbnail--grid\" src=\"https:\/\/itingagospel.com.br\/portal\/wp-content\/uploads\/2026\/03\/igreja-missao-apostolica-da-fe-15-anos-antonio-goncalves-16.jpeg\" alt=\"\" loading=\"lazy\" \/>\n\t\t\t\t<\/picture>\n\t\t\t\t<div class=\"spectra-image-gallery__media-thumbnail-blurrer\"><\/div>\n\t\t\t\t\t\t\t\t\t\t\t<div class=\"spectra-image-gallery__media-thumbnail-caption-wrapper spectra-image-gallery__media-thumbnail-caption-wrapper--overlay\">\n\t\t\t\t\t\t\t\t\t\t\t<div class=\"spectra-image-gallery__media-thumbnail-caption spectra-image-gallery__media-thumbnail-caption--overlay\">\n\t\t\t\t\tIgreja Miss\u00e3o Apost\u00f3lica da F\u00e9 celebra 15 anos\t\t\t\t<\/div>\n\t\t\t\t\t\t\t\t\t\t<\/div>\n\t\t\t\t\t\t\t\t\t<\/div>\n\t\t\t\t\t\t<\/div>\n\t\t\t\t\t\t<div class='spectra-image-gallery__media-wrapper' data-spectra-gallery-image-id='42507' tabindex=\"0\">\n\t\t\t\t\t\t\t<div class=\"spectra-image-gallery__media spectra-image-gallery__media--grid\">\n\t\t\t\t<picture>\n\t\t\t\t\t<source media=\"(min-width: 1024px)\" srcset=\"https:\/\/itingagospel.com.br\/portal\/wp-content\/uploads\/2026\/03\/igreja-missao-apostolica-da-fe-15-anos-antonio-goncalves-17.jpeg\">\n\t\t\t\t\t<source media=\"(min-width: 768px)\" srcset=\"https:\/\/itingagospel.com.br\/portal\/wp-content\/uploads\/2026\/03\/igreja-missao-apostolica-da-fe-15-anos-antonio-goncalves-17.jpeg\">\n\t\t\t\t\t<img decoding=\"async\" class=\"spectra-image-gallery__media-thumbnail spectra-image-gallery__media-thumbnail--grid\" src=\"https:\/\/itingagospel.com.br\/portal\/wp-content\/uploads\/2026\/03\/igreja-missao-apostolica-da-fe-15-anos-antonio-goncalves-17.jpeg\" alt=\"\" loading=\"lazy\" \/>\n\t\t\t\t<\/picture>\n\t\t\t\t<div class=\"spectra-image-gallery__media-thumbnail-blurrer\"><\/div>\n\t\t\t\t\t\t\t\t\t\t\t<div class=\"spectra-image-gallery__media-thumbnail-caption-wrapper spectra-image-gallery__media-thumbnail-caption-wrapper--overlay\">\n\t\t\t\t\t\t\t\t\t\t\t<div class=\"spectra-image-gallery__media-thumbnail-caption spectra-image-gallery__media-thumbnail-caption--overlay\">\n\t\t\t\t\tIgreja Miss\u00e3o Apost\u00f3lica da F\u00e9 celebra 15 anos\t\t\t\t<\/div>\n\t\t\t\t\t\t\t\t\t\t<\/div>\n\t\t\t\t\t\t\t\t\t<\/div>\n\t\t\t\t\t\t<\/div>\n\t\t\t\t\t\t<div class='spectra-image-gallery__media-wrapper' data-spectra-gallery-image-id='42498' tabindex=\"0\">\n\t\t\t\t\t\t\t<div class=\"spectra-image-gallery__media spectra-image-gallery__media--grid\">\n\t\t\t\t<picture>\n\t\t\t\t\t<source media=\"(min-width: 1024px)\" srcset=\"https:\/\/itingagospel.com.br\/portal\/wp-content\/uploads\/2026\/03\/igreja-missao-apostolica-da-fe-15-anos-antonio-goncalves-18.jpeg\">\n\t\t\t\t\t<source media=\"(min-width: 768px)\" srcset=\"https:\/\/itingagospel.com.br\/portal\/wp-content\/uploads\/2026\/03\/igreja-missao-apostolica-da-fe-15-anos-antonio-goncalves-18.jpeg\">\n\t\t\t\t\t<img decoding=\"async\" class=\"spectra-image-gallery__media-thumbnail spectra-image-gallery__media-thumbnail--grid\" src=\"https:\/\/itingagospel.com.br\/portal\/wp-content\/uploads\/2026\/03\/igreja-missao-apostolica-da-fe-15-anos-antonio-goncalves-18.jpeg\" alt=\"\" loading=\"lazy\" \/>\n\t\t\t\t<\/picture>\n\t\t\t\t<div class=\"spectra-image-gallery__media-thumbnail-blurrer\"><\/div>\n\t\t\t\t\t\t\t\t\t\t\t<div class=\"spectra-image-gallery__media-thumbnail-caption-wrapper spectra-image-gallery__media-thumbnail-caption-wrapper--overlay\">\n\t\t\t\t\t\t\t\t\t\t\t<div class=\"spectra-image-gallery__media-thumbnail-caption spectra-image-gallery__media-thumbnail-caption--overlay\">\n\t\t\t\t\tIgreja Miss\u00e3o Apost\u00f3lica da F\u00e9 celebra 15 anos\t\t\t\t<\/div>\n\t\t\t\t\t\t\t\t\t\t<\/div>\n\t\t\t\t\t\t\t\t\t<\/div>\n\t\t\t\t\t\t<\/div>\n\t\t\t\t\t\t<div class='spectra-image-gallery__media-wrapper' data-spectra-gallery-image-id='42509' tabindex=\"0\">\n\t\t\t\t\t\t\t<div class=\"spectra-image-gallery__media spectra-image-gallery__media--grid\">\n\t\t\t\t<picture>\n\t\t\t\t\t<source media=\"(min-width: 1024px)\" srcset=\"https:\/\/itingagospel.com.br\/portal\/wp-content\/uploads\/2026\/03\/igreja-missao-apostolica-da-fe-15-anos-antonio-goncalves-19.jpeg\">\n\t\t\t\t\t<source media=\"(min-width: 768px)\" srcset=\"https:\/\/itingagospel.com.br\/portal\/wp-content\/uploads\/2026\/03\/igreja-missao-apostolica-da-fe-15-anos-antonio-goncalves-19.jpeg\">\n\t\t\t\t\t<img decoding=\"async\" class=\"spectra-image-gallery__media-thumbnail spectra-image-gallery__media-thumbnail--grid\" src=\"https:\/\/itingagospel.com.br\/portal\/wp-content\/uploads\/2026\/03\/igreja-missao-apostolica-da-fe-15-anos-antonio-goncalves-19.jpeg\" alt=\"\" loading=\"lazy\" \/>\n\t\t\t\t<\/picture>\n\t\t\t\t<div class=\"spectra-image-gallery__media-thumbnail-blurrer\"><\/div>\n\t\t\t\t\t\t\t\t\t\t\t<div class=\"spectra-image-gallery__media-thumbnail-caption-wrapper spectra-image-gallery__media-thumbnail-caption-wrapper--overlay\">\n\t\t\t\t\t\t\t\t\t\t\t<div class=\"spectra-image-gallery__media-thumbnail-caption spectra-image-gallery__media-thumbnail-caption--overlay\">\n\t\t\t\t\tIgreja Miss\u00e3o Apost\u00f3lica da F\u00e9 celebra 15 anos\t\t\t\t<\/div>\n\t\t\t\t\t\t\t\t\t\t<\/div>\n\t\t\t\t\t\t\t\t\t<\/div>\n\t\t\t\t\t\t<\/div>\n\t\t\t\t\t\t<div class='spectra-image-gallery__media-wrapper' data-spectra-gallery-image-id='42503' tabindex=\"0\">\n\t\t\t\t\t\t\t<div class=\"spectra-image-gallery__media spectra-image-gallery__media--grid\">\n\t\t\t\t<picture>\n\t\t\t\t\t<source media=\"(min-width: 1024px)\" srcset=\"https:\/\/itingagospel.com.br\/portal\/wp-content\/uploads\/2026\/03\/igreja-missao-apostolica-da-fe-15-anos-antonio-goncalves-20.jpeg\">\n\t\t\t\t\t<source media=\"(min-width: 768px)\" srcset=\"https:\/\/itingagospel.com.br\/portal\/wp-content\/uploads\/2026\/03\/igreja-missao-apostolica-da-fe-15-anos-antonio-goncalves-20.jpeg\">\n\t\t\t\t\t<img decoding=\"async\" class=\"spectra-image-gallery__media-thumbnail spectra-image-gallery__media-thumbnail--grid\" src=\"https:\/\/itingagospel.com.br\/portal\/wp-content\/uploads\/2026\/03\/igreja-missao-apostolica-da-fe-15-anos-antonio-goncalves-20.jpeg\" alt=\"\" loading=\"lazy\" \/>\n\t\t\t\t<\/picture>\n\t\t\t\t<div class=\"spectra-image-gallery__media-thumbnail-blurrer\"><\/div>\n\t\t\t\t\t\t\t\t\t\t\t<div class=\"spectra-image-gallery__media-thumbnail-caption-wrapper spectra-image-gallery__media-thumbnail-caption-wrapper--overlay\">\n\t\t\t\t\t\t\t\t\t\t\t<div class=\"spectra-image-gallery__media-thumbnail-caption spectra-image-gallery__media-thumbnail-caption--overlay\">\n\t\t\t\t\tIgreja Miss\u00e3o Apost\u00f3lica da F\u00e9 celebra 15 anos\t\t\t\t<\/div>\n\t\t\t\t\t\t\t\t\t\t<\/div>\n\t\t\t\t\t\t\t\t\t<\/div>\n\t\t\t\t\t\t<\/div>\n\t\t\t\t\t\t<div class='spectra-image-gallery__media-wrapper' data-spectra-gallery-image-id='42505' tabindex=\"0\">\n\t\t\t\t\t\t\t<div class=\"spectra-image-gallery__media spectra-image-gallery__media--grid\">\n\t\t\t\t<picture>\n\t\t\t\t\t<source media=\"(min-width: 1024px)\" srcset=\"https:\/\/itingagospel.com.br\/portal\/wp-content\/uploads\/2026\/03\/igreja-missao-apostolica-da-fe-15-anos-antonio-goncalves-21.jpeg\">\n\t\t\t\t\t<source media=\"(min-width: 768px)\" srcset=\"https:\/\/itingagospel.com.br\/portal\/wp-content\/uploads\/2026\/03\/igreja-missao-apostolica-da-fe-15-anos-antonio-goncalves-21.jpeg\">\n\t\t\t\t\t<img decoding=\"async\" class=\"spectra-image-gallery__media-thumbnail spectra-image-gallery__media-thumbnail--grid\" src=\"https:\/\/itingagospel.com.br\/portal\/wp-content\/uploads\/2026\/03\/igreja-missao-apostolica-da-fe-15-anos-antonio-goncalves-21.jpeg\" alt=\"\" loading=\"lazy\" \/>\n\t\t\t\t<\/picture>\n\t\t\t\t<div class=\"spectra-image-gallery__media-thumbnail-blurrer\"><\/div>\n\t\t\t\t\t\t\t\t\t\t\t<div class=\"spectra-image-gallery__media-thumbnail-caption-wrapper spectra-image-gallery__media-thumbnail-caption-wrapper--overlay\">\n\t\t\t\t\t\t\t\t\t\t\t<div class=\"spectra-image-gallery__media-thumbnail-caption spectra-image-gallery__media-thumbnail-caption--overlay\">\n\t\t\t\t\tIgreja Miss\u00e3o Apost\u00f3lica da F\u00e9 celebra 15 anos\t\t\t\t<\/div>\n\t\t\t\t\t\t\t\t\t\t<\/div>\n\t\t\t\t\t\t\t\t\t<\/div>\n\t\t\t\t\t\t<\/div>\n\t\t\t\t\t\t<div class='spectra-image-gallery__media-wrapper' data-spectra-gallery-image-id='42499' tabindex=\"0\">\n\t\t\t\t\t\t\t<div class=\"spectra-image-gallery__media spectra-image-gallery__media--grid\">\n\t\t\t\t<picture>\n\t\t\t\t\t<source media=\"(min-width: 1024px)\" srcset=\"https:\/\/itingagospel.com.br\/portal\/wp-content\/uploads\/2026\/03\/igreja-missao-apostolica-da-fe-15-anos-antonio-goncalves-22.jpeg\">\n\t\t\t\t\t<source media=\"(min-width: 768px)\" srcset=\"https:\/\/itingagospel.com.br\/portal\/wp-content\/uploads\/2026\/03\/igreja-missao-apostolica-da-fe-15-anos-antonio-goncalves-22.jpeg\">\n\t\t\t\t\t<img decoding=\"async\" class=\"spectra-image-gallery__media-thumbnail spectra-image-gallery__media-thumbnail--grid\" src=\"https:\/\/itingagospel.com.br\/portal\/wp-content\/uploads\/2026\/03\/igreja-missao-apostolica-da-fe-15-anos-antonio-goncalves-22.jpeg\" alt=\"\" loading=\"lazy\" \/>\n\t\t\t\t<\/picture>\n\t\t\t\t<div class=\"spectra-image-gallery__media-thumbnail-blurrer\"><\/div>\n\t\t\t\t\t\t\t\t\t\t\t<div class=\"spectra-image-gallery__media-thumbnail-caption-wrapper spectra-image-gallery__media-thumbnail-caption-wrapper--overlay\">\n\t\t\t\t\t\t\t\t\t\t\t<div class=\"spectra-image-gallery__media-thumbnail-caption spectra-image-gallery__media-thumbnail-caption--overlay\">\n\t\t\t\t\tIgreja Miss\u00e3o Apost\u00f3lica da F\u00e9 celebra 15 anos\t\t\t\t<\/div>\n\t\t\t\t\t\t\t\t\t\t<\/div>\n\t\t\t\t\t\t\t\t\t<\/div>\n\t\t\t\t\t\t<\/div>\n\t\t\t\t\t\t<div class='spectra-image-gallery__media-wrapper' data-spectra-gallery-image-id='42512' tabindex=\"0\">\n\t\t\t\t\t\t\t<div class=\"spectra-image-gallery__media spectra-image-gallery__media--grid\">\n\t\t\t\t<picture>\n\t\t\t\t\t<source media=\"(min-width: 1024px)\" srcset=\"https:\/\/itingagospel.com.br\/portal\/wp-content\/uploads\/2026\/03\/igreja-missao-apostolica-da-fe-15-anos-antonio-goncalves-23.jpeg\">\n\t\t\t\t\t<source media=\"(min-width: 768px)\" srcset=\"https:\/\/itingagospel.com.br\/portal\/wp-content\/uploads\/2026\/03\/igreja-missao-apostolica-da-fe-15-anos-antonio-goncalves-23.jpeg\">\n\t\t\t\t\t<img decoding=\"async\" class=\"spectra-image-gallery__media-thumbnail spectra-image-gallery__media-thumbnail--grid\" src=\"https:\/\/itingagospel.com.br\/portal\/wp-content\/uploads\/2026\/03\/igreja-missao-apostolica-da-fe-15-anos-antonio-goncalves-23.jpeg\" alt=\"\" loading=\"lazy\" \/>\n\t\t\t\t<\/picture>\n\t\t\t\t<div class=\"spectra-image-gallery__media-thumbnail-blurrer\"><\/div>\n\t\t\t\t\t\t\t\t\t\t\t<div class=\"spectra-image-gallery__media-thumbnail-caption-wrapper spectra-image-gallery__media-thumbnail-caption-wrapper--overlay\">\n\t\t\t\t\t\t\t\t\t\t\t<div class=\"spectra-image-gallery__media-thumbnail-caption spectra-image-gallery__media-thumbnail-caption--overlay\">\n\t\t\t\t\tIgreja Miss\u00e3o Apost\u00f3lica da F\u00e9 celebra 15 anos\t\t\t\t<\/div>\n\t\t\t\t\t\t\t\t\t\t<\/div>\n\t\t\t\t\t\t\t\t\t<\/div>\n\t\t\t\t\t\t<\/div>\n\t\t\t\t\t\t<div class='spectra-image-gallery__media-wrapper' data-spectra-gallery-image-id='42501' tabindex=\"0\">\n\t\t\t\t\t\t\t<div class=\"spectra-image-gallery__media spectra-image-gallery__media--grid\">\n\t\t\t\t<picture>\n\t\t\t\t\t<source media=\"(min-width: 1024px)\" srcset=\"https:\/\/itingagospel.com.br\/portal\/wp-content\/uploads\/2026\/03\/igreja-missao-apostolica-da-fe-15-anos-antonio-goncalves-24.jpeg\">\n\t\t\t\t\t<source media=\"(min-width: 768px)\" srcset=\"https:\/\/itingagospel.com.br\/portal\/wp-content\/uploads\/2026\/03\/igreja-missao-apostolica-da-fe-15-anos-antonio-goncalves-24.jpeg\">\n\t\t\t\t\t<img decoding=\"async\" class=\"spectra-image-gallery__media-thumbnail spectra-image-gallery__media-thumbnail--grid\" src=\"https:\/\/itingagospel.com.br\/portal\/wp-content\/uploads\/2026\/03\/igreja-missao-apostolica-da-fe-15-anos-antonio-goncalves-24.jpeg\" alt=\"\" loading=\"lazy\" \/>\n\t\t\t\t<\/picture>\n\t\t\t\t<div class=\"spectra-image-gallery__media-thumbnail-blurrer\"><\/div>\n\t\t\t\t\t\t\t\t\t\t\t<div class=\"spectra-image-gallery__media-thumbnail-caption-wrapper spectra-image-gallery__media-thumbnail-caption-wrapper--overlay\">\n\t\t\t\t\t\t\t\t\t\t\t<div class=\"spectra-image-gallery__media-thumbnail-caption spectra-image-gallery__media-thumbnail-caption--overlay\">\n\t\t\t\t\tIgreja Miss\u00e3o Apost\u00f3lica da F\u00e9 celebra 15 anos\t\t\t\t<\/div>\n\t\t\t\t\t\t\t\t\t\t<\/div>\n\t\t\t\t\t\t\t\t\t<\/div>\n\t\t\t\t\t\t<\/div>\n\t\t\t\t\t\t<div class='spectra-image-gallery__media-wrapper' data-spectra-gallery-image-id='42521' tabindex=\"0\">\n\t\t\t\t\t\t\t<div class=\"spectra-image-gallery__media spectra-image-gallery__media--grid\">\n\t\t\t\t<picture>\n\t\t\t\t\t<source media=\"(min-width: 1024px)\" srcset=\"https:\/\/itingagospel.com.br\/portal\/wp-content\/uploads\/2026\/03\/igreja-missao-apostolica-da-fe-15-anos-antonio-goncalves-25.jpeg\">\n\t\t\t\t\t<source media=\"(min-width: 768px)\" srcset=\"https:\/\/itingagospel.com.br\/portal\/wp-content\/uploads\/2026\/03\/igreja-missao-apostolica-da-fe-15-anos-antonio-goncalves-25.jpeg\">\n\t\t\t\t\t<img decoding=\"async\" class=\"spectra-image-gallery__media-thumbnail spectra-image-gallery__media-thumbnail--grid\" src=\"https:\/\/itingagospel.com.br\/portal\/wp-content\/uploads\/2026\/03\/igreja-missao-apostolica-da-fe-15-anos-antonio-goncalves-25.jpeg\" alt=\"\" loading=\"lazy\" \/>\n\t\t\t\t<\/picture>\n\t\t\t\t<div class=\"spectra-image-gallery__media-thumbnail-blurrer\"><\/div>\n\t\t\t\t\t\t\t\t\t\t\t<div class=\"spectra-image-gallery__media-thumbnail-caption-wrapper spectra-image-gallery__media-thumbnail-caption-wrapper--overlay\">\n\t\t\t\t\t\t\t\t\t\t\t<div class=\"spectra-image-gallery__media-thumbnail-caption spectra-image-gallery__media-thumbnail-caption--overlay\">\n\t\t\t\t\tIgreja Miss\u00e3o Apost\u00f3lica da F\u00e9 celebra 15 anos\t\t\t\t<\/div>\n\t\t\t\t\t\t\t\t\t\t<\/div>\n\t\t\t\t\t\t\t\t\t<\/div>\n\t\t\t\t\t\t<\/div>\n\t\t\t\t\t\t<div class='spectra-image-gallery__media-wrapper' data-spectra-gallery-image-id='42516' tabindex=\"0\">\n\t\t\t\t\t\t\t<div class=\"spectra-image-gallery__media spectra-image-gallery__media--grid\">\n\t\t\t\t<picture>\n\t\t\t\t\t<source media=\"(min-width: 1024px)\" srcset=\"https:\/\/itingagospel.com.br\/portal\/wp-content\/uploads\/2026\/03\/igreja-missao-apostolica-da-fe-15-anos-antonio-goncalves-26.jpeg\">\n\t\t\t\t\t<source media=\"(min-width: 768px)\" srcset=\"https:\/\/itingagospel.com.br\/portal\/wp-content\/uploads\/2026\/03\/igreja-missao-apostolica-da-fe-15-anos-antonio-goncalves-26.jpeg\">\n\t\t\t\t\t<img decoding=\"async\" class=\"spectra-image-gallery__media-thumbnail spectra-image-gallery__media-thumbnail--grid\" src=\"https:\/\/itingagospel.com.br\/portal\/wp-content\/uploads\/2026\/03\/igreja-missao-apostolica-da-fe-15-anos-antonio-goncalves-26.jpeg\" alt=\"\" loading=\"lazy\" \/>\n\t\t\t\t<\/picture>\n\t\t\t\t<div class=\"spectra-image-gallery__media-thumbnail-blurrer\"><\/div>\n\t\t\t\t\t\t\t\t\t\t\t<div class=\"spectra-image-gallery__media-thumbnail-caption-wrapper spectra-image-gallery__media-thumbnail-caption-wrapper--overlay\">\n\t\t\t\t\t\t\t\t\t\t\t<div class=\"spectra-image-gallery__media-thumbnail-caption spectra-image-gallery__media-thumbnail-caption--overlay\">\n\t\t\t\t\tIgreja Miss\u00e3o Apost\u00f3lica da F\u00e9 celebra 15 anos\t\t\t\t<\/div>\n\t\t\t\t\t\t\t\t\t\t<\/div>\n\t\t\t\t\t\t\t\t\t<\/div>\n\t\t\t\t\t\t<\/div>\n\t\t\t\t\t\t<div class='spectra-image-gallery__media-wrapper' data-spectra-gallery-image-id='42520' tabindex=\"0\">\n\t\t\t\t\t\t\t<div class=\"spectra-image-gallery__media spectra-image-gallery__media--grid\">\n\t\t\t\t<picture>\n\t\t\t\t\t<source media=\"(min-width: 1024px)\" srcset=\"https:\/\/itingagospel.com.br\/portal\/wp-content\/uploads\/2026\/03\/igreja-missao-apostolica-da-fe-15-anos-antonio-goncalves-1.jpeg\">\n\t\t\t\t\t<source media=\"(min-width: 768px)\" srcset=\"https:\/\/itingagospel.com.br\/portal\/wp-content\/uploads\/2026\/03\/igreja-missao-apostolica-da-fe-15-anos-antonio-goncalves-1.jpeg\">\n\t\t\t\t\t<img decoding=\"async\" class=\"spectra-image-gallery__media-thumbnail spectra-image-gallery__media-thumbnail--grid\" src=\"https:\/\/itingagospel.com.br\/portal\/wp-content\/uploads\/2026\/03\/igreja-missao-apostolica-da-fe-15-anos-antonio-goncalves-1.jpeg\" alt=\"\" loading=\"lazy\" \/>\n\t\t\t\t<\/picture>\n\t\t\t\t<div class=\"spectra-image-gallery__media-thumbnail-blurrer\"><\/div>\n\t\t\t\t\t\t\t\t\t\t\t<div class=\"spectra-image-gallery__media-thumbnail-caption-wrapper spectra-image-gallery__media-thumbnail-caption-wrapper--overlay\">\n\t\t\t\t\t\t\t\t\t\t\t<div class=\"spectra-image-gallery__media-thumbnail-caption spectra-image-gallery__media-thumbnail-caption--overlay\">\n\t\t\t\t\tIgreja Miss\u00e3o Apost\u00f3lica da F\u00e9 celebra 15 anos\t\t\t\t<\/div>\n\t\t\t\t\t\t\t\t\t\t<\/div>\n\t\t\t\t\t\t\t\t\t<\/div>\n\t\t\t\t\t\t<\/div>\n\t\t\t\t\t\t<div class='spectra-image-gallery__media-wrapper' data-spectra-gallery-image-id='42508' tabindex=\"0\">\n\t\t\t\t\t\t\t<div class=\"spectra-image-gallery__media spectra-image-gallery__media--grid\">\n\t\t\t\t<picture>\n\t\t\t\t\t<source media=\"(min-width: 1024px)\" srcset=\"https:\/\/itingagospel.com.br\/portal\/wp-content\/uploads\/2026\/03\/igreja-missao-apostolica-da-fe-15-anos-antonio-goncalves-2.jpeg\">\n\t\t\t\t\t<source media=\"(min-width: 768px)\" srcset=\"https:\/\/itingagospel.com.br\/portal\/wp-content\/uploads\/2026\/03\/igreja-missao-apostolica-da-fe-15-anos-antonio-goncalves-2.jpeg\">\n\t\t\t\t\t<img decoding=\"async\" class=\"spectra-image-gallery__media-thumbnail spectra-image-gallery__media-thumbnail--grid\" src=\"https:\/\/itingagospel.com.br\/portal\/wp-content\/uploads\/2026\/03\/igreja-missao-apostolica-da-fe-15-anos-antonio-goncalves-2.jpeg\" alt=\"\" loading=\"lazy\" \/>\n\t\t\t\t<\/picture>\n\t\t\t\t<div class=\"spectra-image-gallery__media-thumbnail-blurrer\"><\/div>\n\t\t\t\t\t\t\t\t\t\t\t<div class=\"spectra-image-gallery__media-thumbnail-caption-wrapper spectra-image-gallery__media-thumbnail-caption-wrapper--overlay\">\n\t\t\t\t\t\t\t\t\t\t\t<div class=\"spectra-image-gallery__media-thumbnail-caption spectra-image-gallery__media-thumbnail-caption--overlay\">\n\t\t\t\t\tIgreja Miss\u00e3o Apost\u00f3lica da F\u00e9 celebra 15 anos\t\t\t\t<\/div>\n\t\t\t\t\t\t\t\t\t\t<\/div>\n\t\t\t\t\t\t\t\t\t<\/div>\n\t\t\t\t\t\t<\/div>\n\t\t\t\t\t\t<div class='spectra-image-gallery__media-wrapper' data-spectra-gallery-image-id='42502' tabindex=\"0\">\n\t\t\t\t\t\t\t<div class=\"spectra-image-gallery__media spectra-image-gallery__media--grid\">\n\t\t\t\t<picture>\n\t\t\t\t\t<source media=\"(min-width: 1024px)\" srcset=\"https:\/\/itingagospel.com.br\/portal\/wp-content\/uploads\/2026\/03\/igreja-missao-apostolica-da-fe-15-anos-antonio-goncalves-3.jpeg\">\n\t\t\t\t\t<source media=\"(min-width: 768px)\" srcset=\"https:\/\/itingagospel.com.br\/portal\/wp-content\/uploads\/2026\/03\/igreja-missao-apostolica-da-fe-15-anos-antonio-goncalves-3.jpeg\">\n\t\t\t\t\t<img decoding=\"async\" class=\"spectra-image-gallery__media-thumbnail spectra-image-gallery__media-thumbnail--grid\" src=\"https:\/\/itingagospel.com.br\/portal\/wp-content\/uploads\/2026\/03\/igreja-missao-apostolica-da-fe-15-anos-antonio-goncalves-3.jpeg\" alt=\"\" loading=\"lazy\" \/>\n\t\t\t\t<\/picture>\n\t\t\t\t<div class=\"spectra-image-gallery__media-thumbnail-blurrer\"><\/div>\n\t\t\t\t\t\t\t\t\t\t\t<div class=\"spectra-image-gallery__media-thumbnail-caption-wrapper spectra-image-gallery__media-thumbnail-caption-wrapper--overlay\">\n\t\t\t\t\t\t\t\t\t\t\t<div class=\"spectra-image-gallery__media-thumbnail-caption spectra-image-gallery__media-thumbnail-caption--overlay\">\n\t\t\t\t\tIgreja Miss\u00e3o Apost\u00f3lica da F\u00e9 celebra 15 anos\t\t\t\t<\/div>\n\t\t\t\t\t\t\t\t\t\t<\/div>\n\t\t\t\t\t\t\t\t\t<\/div>\n\t\t\t\t\t\t<\/div>\n\t\t\t\t\t\t<div class='spectra-image-gallery__media-wrapper' data-spectra-gallery-image-id='42500' tabindex=\"0\">\n\t\t\t\t\t\t\t<div class=\"spectra-image-gallery__media spectra-image-gallery__media--grid\">\n\t\t\t\t<picture>\n\t\t\t\t\t<source media=\"(min-width: 1024px)\" srcset=\"https:\/\/itingagospel.com.br\/portal\/wp-content\/uploads\/2026\/03\/igreja-missao-apostolica-da-fe-15-anos-antonio-goncalves-4.jpeg\">\n\t\t\t\t\t<source media=\"(min-width: 768px)\" srcset=\"https:\/\/itingagospel.com.br\/portal\/wp-content\/uploads\/2026\/03\/igreja-missao-apostolica-da-fe-15-anos-antonio-goncalves-4.jpeg\">\n\t\t\t\t\t<img decoding=\"async\" class=\"spectra-image-gallery__media-thumbnail spectra-image-gallery__media-thumbnail--grid\" src=\"https:\/\/itingagospel.com.br\/portal\/wp-content\/uploads\/2026\/03\/igreja-missao-apostolica-da-fe-15-anos-antonio-goncalves-4.jpeg\" alt=\"\" loading=\"lazy\" \/>\n\t\t\t\t<\/picture>\n\t\t\t\t<div class=\"spectra-image-gallery__media-thumbnail-blurrer\"><\/div>\n\t\t\t\t\t\t\t\t\t\t\t<div class=\"spectra-image-gallery__media-thumbnail-caption-wrapper spectra-image-gallery__media-thumbnail-caption-wrapper--overlay\">\n\t\t\t\t\t\t\t\t\t\t\t<div class=\"spectra-image-gallery__media-thumbnail-caption spectra-image-gallery__media-thumbnail-caption--overlay\">\n\t\t\t\t\tIgreja Miss\u00e3o Apost\u00f3lica da F\u00e9 celebra 15 anos\t\t\t\t<\/div>\n\t\t\t\t\t\t\t\t\t\t<\/div>\n\t\t\t\t\t\t\t\t\t<\/div>\n\t\t\t\t\t\t<\/div>\n\t\t\t\t\t\t<div class='spectra-image-gallery__media-wrapper' data-spectra-gallery-image-id='42510' tabindex=\"0\">\n\t\t\t\t\t\t\t<div class=\"spectra-image-gallery__media spectra-image-gallery__media--grid\">\n\t\t\t\t<picture>\n\t\t\t\t\t<source media=\"(min-width: 1024px)\" srcset=\"https:\/\/itingagospel.com.br\/portal\/wp-content\/uploads\/2026\/03\/igreja-missao-apostolica-da-fe-15-anos-antonio-goncalves-5.jpeg\">\n\t\t\t\t\t<source media=\"(min-width: 768px)\" srcset=\"https:\/\/itingagospel.com.br\/portal\/wp-content\/uploads\/2026\/03\/igreja-missao-apostolica-da-fe-15-anos-antonio-goncalves-5.jpeg\">\n\t\t\t\t\t<img decoding=\"async\" class=\"spectra-image-gallery__media-thumbnail spectra-image-gallery__media-thumbnail--grid\" src=\"https:\/\/itingagospel.com.br\/portal\/wp-content\/uploads\/2026\/03\/igreja-missao-apostolica-da-fe-15-anos-antonio-goncalves-5.jpeg\" alt=\"\" loading=\"lazy\" \/>\n\t\t\t\t<\/picture>\n\t\t\t\t<div class=\"spectra-image-gallery__media-thumbnail-blurrer\"><\/div>\n\t\t\t\t\t\t\t\t\t\t\t<div class=\"spectra-image-gallery__media-thumbnail-caption-wrapper spectra-image-gallery__media-thumbnail-caption-wrapper--overlay\">\n\t\t\t\t\t\t\t\t\t\t\t<div class=\"spectra-image-gallery__media-thumbnail-caption spectra-image-gallery__media-thumbnail-caption--overlay\">\n\t\t\t\t\tIgreja Miss\u00e3o Apost\u00f3lica da F\u00e9 celebra 15 anos\t\t\t\t<\/div>\n\t\t\t\t\t\t\t\t\t\t<\/div>\n\t\t\t\t\t\t\t\t\t<\/div>\n\t\t\t\t\t\t<\/div>\n\t\t\t\t\t\t<div class='spectra-image-gallery__media-wrapper' data-spectra-gallery-image-id='42522' tabindex=\"0\">\n\t\t\t\t\t\t\t<div class=\"spectra-image-gallery__media spectra-image-gallery__media--grid\">\n\t\t\t\t<picture>\n\t\t\t\t\t<source media=\"(min-width: 1024px)\" srcset=\"https:\/\/itingagospel.com.br\/portal\/wp-content\/uploads\/2026\/03\/igreja-missao-apostolica-da-fe-15-anos-antonio-goncalves-6.jpeg\">\n\t\t\t\t\t<source media=\"(min-width: 768px)\" srcset=\"https:\/\/itingagospel.com.br\/portal\/wp-content\/uploads\/2026\/03\/igreja-missao-apostolica-da-fe-15-anos-antonio-goncalves-6.jpeg\">\n\t\t\t\t\t<img decoding=\"async\" class=\"spectra-image-gallery__media-thumbnail spectra-image-gallery__media-thumbnail--grid\" src=\"https:\/\/itingagospel.com.br\/portal\/wp-content\/uploads\/2026\/03\/igreja-missao-apostolica-da-fe-15-anos-antonio-goncalves-6.jpeg\" alt=\"\" loading=\"lazy\" \/>\n\t\t\t\t<\/picture>\n\t\t\t\t<div class=\"spectra-image-gallery__media-thumbnail-blurrer\"><\/div>\n\t\t\t\t\t\t\t\t\t\t\t<div class=\"spectra-image-gallery__media-thumbnail-caption-wrapper spectra-image-gallery__media-thumbnail-caption-wrapper--overlay\">\n\t\t\t\t\t\t\t\t\t\t\t<div class=\"spectra-image-gallery__media-thumbnail-caption spectra-image-gallery__media-thumbnail-caption--overlay\">\n\t\t\t\t\tIgreja Miss\u00e3o Apost\u00f3lica da F\u00e9 celebra 15 anos\t\t\t\t<\/div>\n\t\t\t\t\t\t\t\t\t\t<\/div>\n\t\t\t\t\t\t\t\t\t<\/div>\n\t\t\t\t\t\t<\/div>\n\t\t\t\t\t\t<div class='spectra-image-gallery__media-wrapper' data-spectra-gallery-image-id='42514' tabindex=\"0\">\n\t\t\t\t\t\t\t<div class=\"spectra-image-gallery__media spectra-image-gallery__media--grid\">\n\t\t\t\t<picture>\n\t\t\t\t\t<source media=\"(min-width: 1024px)\" srcset=\"https:\/\/itingagospel.com.br\/portal\/wp-content\/uploads\/2026\/03\/igreja-missao-apostolica-da-fe-15-anos-antonio-goncalves-7.jpeg\">\n\t\t\t\t\t<source media=\"(min-width: 768px)\" srcset=\"https:\/\/itingagospel.com.br\/portal\/wp-content\/uploads\/2026\/03\/igreja-missao-apostolica-da-fe-15-anos-antonio-goncalves-7.jpeg\">\n\t\t\t\t\t<img decoding=\"async\" class=\"spectra-image-gallery__media-thumbnail spectra-image-gallery__media-thumbnail--grid\" src=\"https:\/\/itingagospel.com.br\/portal\/wp-content\/uploads\/2026\/03\/igreja-missao-apostolica-da-fe-15-anos-antonio-goncalves-7.jpeg\" alt=\"\" loading=\"lazy\" \/>\n\t\t\t\t<\/picture>\n\t\t\t\t<div class=\"spectra-image-gallery__media-thumbnail-blurrer\"><\/div>\n\t\t\t\t\t\t\t\t\t\t\t<div class=\"spectra-image-gallery__media-thumbnail-caption-wrapper spectra-image-gallery__media-thumbnail-caption-wrapper--overlay\">\n\t\t\t\t\t\t\t\t\t\t\t<div class=\"spectra-image-gallery__media-thumbnail-caption spectra-image-gallery__media-thumbnail-caption--overlay\">\n\t\t\t\t\tIgreja Miss\u00e3o Apost\u00f3lica da F\u00e9 celebra 15 anos\t\t\t\t<\/div>\n\t\t\t\t\t\t\t\t\t\t<\/div>\n\t\t\t\t\t\t\t\t\t<\/div>\n\t\t\t\t\t\t<\/div>\n\t\t\t\t\t\t<div class='spectra-image-gallery__media-wrapper' data-spectra-gallery-image-id='42515' tabindex=\"0\">\n\t\t\t\t\t\t\t<div class=\"spectra-image-gallery__media spectra-image-gallery__media--grid\">\n\t\t\t\t<picture>\n\t\t\t\t\t<source media=\"(min-width: 1024px)\" srcset=\"https:\/\/itingagospel.com.br\/portal\/wp-content\/uploads\/2026\/03\/igreja-missao-apostolica-da-fe-15-anos-antonio-goncalves-8.jpeg\">\n\t\t\t\t\t<source media=\"(min-width: 768px)\" srcset=\"https:\/\/itingagospel.com.br\/portal\/wp-content\/uploads\/2026\/03\/igreja-missao-apostolica-da-fe-15-anos-antonio-goncalves-8.jpeg\">\n\t\t\t\t\t<img decoding=\"async\" class=\"spectra-image-gallery__media-thumbnail spectra-image-gallery__media-thumbnail--grid\" src=\"https:\/\/itingagospel.com.br\/portal\/wp-content\/uploads\/2026\/03\/igreja-missao-apostolica-da-fe-15-anos-antonio-goncalves-8.jpeg\" alt=\"\" loading=\"lazy\" \/>\n\t\t\t\t<\/picture>\n\t\t\t\t<div class=\"spectra-image-gallery__media-thumbnail-blurrer\"><\/div>\n\t\t\t\t\t\t\t\t\t\t\t<div class=\"spectra-image-gallery__media-thumbnail-caption-wrapper spectra-image-gallery__media-thumbnail-caption-wrapper--overlay\">\n\t\t\t\t\t\t\t\t\t\t\t<div class=\"spectra-image-gallery__media-thumbnail-caption spectra-image-gallery__media-thumbnail-caption--overlay\">\n\t\t\t\t\tIgreja Miss\u00e3o Apost\u00f3lica da F\u00e9 celebra 15 anos\t\t\t\t<\/div>\n\t\t\t\t\t\t\t\t\t\t<\/div>\n\t\t\t\t\t\t\t\t\t<\/div>\n\t\t\t\t\t\t<\/div>\n\t\t\t\t\t\t<div class='spectra-image-gallery__media-wrapper' data-spectra-gallery-image-id='42519' tabindex=\"0\">\n\t\t\t\t\t\t\t<div class=\"spectra-image-gallery__media spectra-image-gallery__media--grid\">\n\t\t\t\t<picture>\n\t\t\t\t\t<source media=\"(min-width: 1024px)\" srcset=\"https:\/\/itingagospel.com.br\/portal\/wp-content\/uploads\/2026\/03\/igreja-missao-apostolica-da-fe-15-anos-antonio-goncalves-9.jpeg\">\n\t\t\t\t\t<source media=\"(min-width: 768px)\" srcset=\"https:\/\/itingagospel.com.br\/portal\/wp-content\/uploads\/2026\/03\/igreja-missao-apostolica-da-fe-15-anos-antonio-goncalves-9.jpeg\">\n\t\t\t\t\t<img decoding=\"async\" class=\"spectra-image-gallery__media-thumbnail spectra-image-gallery__media-thumbnail--grid\" src=\"https:\/\/itingagospel.com.br\/portal\/wp-content\/uploads\/2026\/03\/igreja-missao-apostolica-da-fe-15-anos-antonio-goncalves-9.jpeg\" alt=\"\" loading=\"lazy\" \/>\n\t\t\t\t<\/picture>\n\t\t\t\t<div class=\"spectra-image-gallery__media-thumbnail-blurrer\"><\/div>\n\t\t\t\t\t\t\t\t\t\t\t<div class=\"spectra-image-gallery__media-thumbnail-caption-wrapper spectra-image-gallery__media-thumbnail-caption-wrapper--overlay\">\n\t\t\t\t\t\t\t\t\t\t\t<div class=\"spectra-image-gallery__media-thumbnail-caption spectra-image-gallery__media-thumbnail-caption--overlay\">\n\t\t\t\t\tIgreja Miss\u00e3o Apost\u00f3lica da F\u00e9 celebra 15 anos\t\t\t\t<\/div>\n\t\t\t\t\t\t\t\t\t\t<\/div>\n\t\t\t\t\t\t\t\t\t<\/div>\n\t\t\t\t\t\t<\/div>\n\t\t\t\t\t\t<div class='spectra-image-gallery__media-wrapper' data-spectra-gallery-image-id='42511' tabindex=\"0\">\n\t\t\t\t\t\t\t<div class=\"spectra-image-gallery__media spectra-image-gallery__media--grid\">\n\t\t\t\t<picture>\n\t\t\t\t\t<source media=\"(min-width: 1024px)\" srcset=\"https:\/\/itingagospel.com.br\/portal\/wp-content\/uploads\/2026\/03\/igreja-missao-apostolica-da-fe-15-anos-antonio-goncalves-10.jpeg\">\n\t\t\t\t\t<source media=\"(min-width: 768px)\" srcset=\"https:\/\/itingagospel.com.br\/portal\/wp-content\/uploads\/2026\/03\/igreja-missao-apostolica-da-fe-15-anos-antonio-goncalves-10.jpeg\">\n\t\t\t\t\t<img decoding=\"async\" class=\"spectra-image-gallery__media-thumbnail spectra-image-gallery__media-thumbnail--grid\" src=\"https:\/\/itingagospel.com.br\/portal\/wp-content\/uploads\/2026\/03\/igreja-missao-apostolica-da-fe-15-anos-antonio-goncalves-10.jpeg\" alt=\"\" loading=\"lazy\" \/>\n\t\t\t\t<\/picture>\n\t\t\t\t<div class=\"spectra-image-gallery__media-thumbnail-blurrer\"><\/div>\n\t\t\t\t\t\t\t\t\t\t\t<div class=\"spectra-image-gallery__media-thumbnail-caption-wrapper spectra-image-gallery__media-thumbnail-caption-wrapper--overlay\">\n\t\t\t\t\t\t\t\t\t\t\t<div class=\"spectra-image-gallery__media-thumbnail-caption spectra-image-gallery__media-thumbnail-caption--overlay\">\n\t\t\t\t\tIgreja Miss\u00e3o Apost\u00f3lica da F\u00e9 celebra 15 anos\t\t\t\t<\/div>\n\t\t\t\t\t\t\t\t\t\t<\/div>\n\t\t\t\t\t\t\t\t\t<\/div>\n\t\t\t\t\t\t<\/div>\n\t\t\t\t\t\t<div class='spectra-image-gallery__media-wrapper' data-spectra-gallery-image-id='42518' tabindex=\"0\">\n\t\t\t\t\t\t\t<div class=\"spectra-image-gallery__media spectra-image-gallery__media--grid\">\n\t\t\t\t<picture>\n\t\t\t\t\t<source media=\"(min-width: 1024px)\" srcset=\"https:\/\/itingagospel.com.br\/portal\/wp-content\/uploads\/2026\/03\/igreja-missao-apostolica-da-fe-15-anos-antonio-goncalves-11.jpeg\">\n\t\t\t\t\t<source media=\"(min-width: 768px)\" srcset=\"https:\/\/itingagospel.com.br\/portal\/wp-content\/uploads\/2026\/03\/igreja-missao-apostolica-da-fe-15-anos-antonio-goncalves-11.jpeg\">\n\t\t\t\t\t<img decoding=\"async\" class=\"spectra-image-gallery__media-thumbnail spectra-image-gallery__media-thumbnail--grid\" src=\"https:\/\/itingagospel.com.br\/portal\/wp-content\/uploads\/2026\/03\/igreja-missao-apostolica-da-fe-15-anos-antonio-goncalves-11.jpeg\" alt=\"\" loading=\"lazy\" \/>\n\t\t\t\t<\/picture>\n\t\t\t\t<div class=\"spectra-image-gallery__media-thumbnail-blurrer\"><\/div>\n\t\t\t\t\t\t\t\t\t\t\t<div class=\"spectra-image-gallery__media-thumbnail-caption-wrapper spectra-image-gallery__media-thumbnail-caption-wrapper--overlay\">\n\t\t\t\t\t\t\t\t\t\t\t<div class=\"spectra-image-gallery__media-thumbnail-caption spectra-image-gallery__media-thumbnail-caption--overlay\">\n\t\t\t\t\tIgreja Miss\u00e3o Apost\u00f3lica da F\u00e9 celebra 15 anos\t\t\t\t<\/div>\n\t\t\t\t\t\t\t\t\t\t<\/div>\n\t\t\t\t\t\t\t\t\t<\/div>\n\t\t\t\t\t\t<\/div>\n\t\t\t\t\t\t<div class='spectra-image-gallery__media-wrapper' data-spectra-gallery-image-id='42504' tabindex=\"0\">\n\t\t\t\t\t\t\t<div class=\"spectra-image-gallery__media spectra-image-gallery__media--grid\">\n\t\t\t\t<picture>\n\t\t\t\t\t<source media=\"(min-width: 1024px)\" srcset=\"https:\/\/itingagospel.com.br\/portal\/wp-content\/uploads\/2026\/03\/igreja-missao-apostolica-da-fe-15-anos-antonio-goncalves-12.jpeg\">\n\t\t\t\t\t<source media=\"(min-width: 768px)\" srcset=\"https:\/\/itingagospel.com.br\/portal\/wp-content\/uploads\/2026\/03\/igreja-missao-apostolica-da-fe-15-anos-antonio-goncalves-12.jpeg\">\n\t\t\t\t\t<img decoding=\"async\" class=\"spectra-image-gallery__media-thumbnail spectra-image-gallery__media-thumbnail--grid\" src=\"https:\/\/itingagospel.com.br\/portal\/wp-content\/uploads\/2026\/03\/igreja-missao-apostolica-da-fe-15-anos-antonio-goncalves-12.jpeg\" alt=\"\" loading=\"lazy\" \/>\n\t\t\t\t<\/picture>\n\t\t\t\t<div class=\"spectra-image-gallery__media-thumbnail-blurrer\"><\/div>\n\t\t\t\t\t\t\t\t\t\t\t<div class=\"spectra-image-gallery__media-thumbnail-caption-wrapper spectra-image-gallery__media-thumbnail-caption-wrapper--overlay\">\n\t\t\t\t\t\t\t\t\t\t\t<div class=\"spectra-image-gallery__media-thumbnail-caption spectra-image-gallery__media-thumbnail-caption--overlay\">\n\t\t\t\t\tIgreja Miss\u00e3o Apost\u00f3lica da F\u00e9 celebra 15 anos\t\t\t\t<\/div>\n\t\t\t\t\t\t\t\t\t\t<\/div>\n\t\t\t\t\t\t\t\t\t<\/div>\n\t\t\t\t\t\t<\/div>\n\t\t\t\t\t\t<div class='spectra-image-gallery__media-wrapper' data-spectra-gallery-image-id='42517' tabindex=\"0\">\n\t\t\t\t\t\t\t<div class=\"spectra-image-gallery__media spectra-image-gallery__media--grid\">\n\t\t\t\t<picture>\n\t\t\t\t\t<source media=\"(min-width: 1024px)\" srcset=\"https:\/\/itingagospel.com.br\/portal\/wp-content\/uploads\/2026\/03\/igreja-missao-apostolica-da-fe-15-anos-antonio-goncalves-13.jpeg\">\n\t\t\t\t\t<source media=\"(min-width: 768px)\" srcset=\"https:\/\/itingagospel.com.br\/portal\/wp-content\/uploads\/2026\/03\/igreja-missao-apostolica-da-fe-15-anos-antonio-goncalves-13.jpeg\">\n\t\t\t\t\t<img decoding=\"async\" class=\"spectra-image-gallery__media-thumbnail spectra-image-gallery__media-thumbnail--grid\" src=\"https:\/\/itingagospel.com.br\/portal\/wp-content\/uploads\/2026\/03\/igreja-missao-apostolica-da-fe-15-anos-antonio-goncalves-13.jpeg\" alt=\"\" loading=\"lazy\" \/>\n\t\t\t\t<\/picture>\n\t\t\t\t<div class=\"spectra-image-gallery__media-thumbnail-blurrer\"><\/div>\n\t\t\t\t\t\t\t\t\t\t\t<div class=\"spectra-image-gallery__media-thumbnail-caption-wrapper spectra-image-gallery__media-thumbnail-caption-wrapper--overlay\">\n\t\t\t\t\t\t\t\t\t\t\t<div class=\"spectra-image-gallery__media-thumbnail-caption spectra-image-gallery__media-thumbnail-caption--overlay\">\n\t\t\t\t\tIgreja Miss\u00e3o Apost\u00f3lica da F\u00e9 celebra 15 anos\t\t\t\t<\/div>\n\t\t\t\t\t\t\t\t\t\t<\/div>\n\t\t\t\t\t\t\t\t\t<\/div>\n\t\t\t\t\t\t<\/div>\n\t\t\t\t\t\t<div class='spectra-image-gallery__media-wrapper' data-spectra-gallery-image-id='42506' tabindex=\"0\">\n\t\t\t\t\t\t\t<div class=\"spectra-image-gallery__media spectra-image-gallery__media--grid\">\n\t\t\t\t<picture>\n\t\t\t\t\t<source media=\"(min-width: 1024px)\" srcset=\"https:\/\/itingagospel.com.br\/portal\/wp-content\/uploads\/2026\/03\/igreja-missao-apostolica-da-fe-15-anos-antonio-goncalves-14.jpeg\">\n\t\t\t\t\t<source media=\"(min-width: 768px)\" srcset=\"https:\/\/itingagospel.com.br\/portal\/wp-content\/uploads\/2026\/03\/igreja-missao-apostolica-da-fe-15-anos-antonio-goncalves-14.jpeg\">\n\t\t\t\t\t<img decoding=\"async\" class=\"spectra-image-gallery__media-thumbnail spectra-image-gallery__media-thumbnail--grid\" src=\"https:\/\/itingagospel.com.br\/portal\/wp-content\/uploads\/2026\/03\/igreja-missao-apostolica-da-fe-15-anos-antonio-goncalves-14.jpeg\" alt=\"\" loading=\"lazy\" \/>\n\t\t\t\t<\/picture>\n\t\t\t\t<div class=\"spectra-image-gallery__media-thumbnail-blurrer\"><\/div>\n\t\t\t\t\t\t\t\t\t\t\t<div class=\"spectra-image-gallery__media-thumbnail-caption-wrapper spectra-image-gallery__media-thumbnail-caption-wrapper--overlay\">\n\t\t\t\t\t\t\t\t\t\t\t<div class=\"spectra-image-gallery__media-thumbnail-caption spectra-image-gallery__media-thumbnail-caption--overlay\">\n\t\t\t\t\tIgreja Miss\u00e3o Apost\u00f3lica da F\u00e9 celebra 15 anos\t\t\t\t<\/div>\n\t\t\t\t\t\t\t\t\t\t<\/div>\n\t\t\t\t\t\t\t\t\t<\/div>\n\t\t\t\t\t\t<\/div>\n\t\t\t\t\t\t<div class='spectra-image-gallery__media-wrapper' data-spectra-gallery-image-id='42513' tabindex=\"0\">\n\t\t\t\t\t\t\t<div class=\"spectra-image-gallery__media spectra-image-gallery__media--grid\">\n\t\t\t\t<picture>\n\t\t\t\t\t<source media=\"(min-width: 1024px)\" srcset=\"https:\/\/itingagospel.com.br\/portal\/wp-content\/uploads\/2026\/03\/igreja-missao-apostolica-da-fe-15-anos-antonio-goncalves-15.jpeg\">\n\t\t\t\t\t<source media=\"(min-width: 768px)\" srcset=\"https:\/\/itingagospel.com.br\/portal\/wp-content\/uploads\/2026\/03\/igreja-missao-apostolica-da-fe-15-anos-antonio-goncalves-15.jpeg\">\n\t\t\t\t\t<img decoding=\"async\" class=\"spectra-image-gallery__media-thumbnail spectra-image-gallery__media-thumbnail--grid\" src=\"https:\/\/itingagospel.com.br\/portal\/wp-content\/uploads\/2026\/03\/igreja-missao-apostolica-da-fe-15-anos-antonio-goncalves-15.jpeg\" alt=\"\" loading=\"lazy\" \/>\n\t\t\t\t<\/picture>\n\t\t\t\t<div class=\"spectra-image-gallery__media-thumbnail-blurrer\"><\/div>\n\t\t\t\t\t\t\t\t\t\t\t<div class=\"spectra-image-gallery__media-thumbnail-caption-wrapper spectra-image-gallery__media-thumbnail-caption-wrapper--overlay\">\n\t\t\t\t\t\t\t\t\t\t\t<div class=\"spectra-image-gallery__media-thumbnail-caption spectra-image-gallery__media-thumbnail-caption--overlay\">\n\t\t\t\t\tIgreja Miss\u00e3o Apost\u00f3lica da F\u00e9 celebra 15 anos\t\t\t\t<\/div>\n\t\t\t\t\t\t\t\t\t\t<\/div>\n\t\t\t\t\t\t\t\t\t<\/div>\n\t\t\t\t\t\t<\/div>\n\t\t\t\t\t\t\t\t\t\t<\/div>\n\t\t\t\t\t\t\t\t\t\t\t\t\t\t\t\t\t\t<\/div>\n\t\t\t\t\t\t\t\t\t\t\t<div class='spectra-image-gallery__control-lightbox' tabindex='0'>\n\t\t\t\t\t\t\t\t\t\t\t<div class=\"swiper spectra-image-gallery__control-lightbox--main\" dir=\"\">\n\t\t\t\t\t<div class=\"swiper-wrapper\">\n\t\t\t\t\t\t\t\t\t\t\t\t\t\n\t\t\t\t\t\t\t<div class=\"swiper-slide\">\n\t\t\t\t\t\t\t\t<img class=\"swiper-lazy\" data-src=\"https:\/\/itingagospel.com.br\/portal\/wp-content\/uploads\/2026\/03\/igreja-missao-apostolica-da-fe-15-anos-antonio-goncalves-16.jpeg\" alt=\"\"\/>\n\t\t\t\t\t\t\t\t<div class=\"swiper-lazy-preloader swiper-lazy-preloader-white\"><\/div>\n\t\t\t\t\t\t\t\t\t\t\t\t\t\t\t<\/div>\n\t\t\t\t\t\t\t\t\t\t\t\t\t\n\t\t\t\t\t\t\t<div class=\"swiper-slide\">\n\t\t\t\t\t\t\t\t<img class=\"swiper-lazy\" data-src=\"https:\/\/itingagospel.com.br\/portal\/wp-content\/uploads\/2026\/03\/igreja-missao-apostolica-da-fe-15-anos-antonio-goncalves-17.jpeg\" alt=\"\"\/>\n\t\t\t\t\t\t\t\t<div class=\"swiper-lazy-preloader swiper-lazy-preloader-white\"><\/div>\n\t\t\t\t\t\t\t\t\t\t\t\t\t\t\t<\/div>\n\t\t\t\t\t\t\t\t\t\t\t\t\t\n\t\t\t\t\t\t\t<div class=\"swiper-slide\">\n\t\t\t\t\t\t\t\t<img class=\"swiper-lazy\" data-src=\"https:\/\/itingagospel.com.br\/portal\/wp-content\/uploads\/2026\/03\/igreja-missao-apostolica-da-fe-15-anos-antonio-goncalves-18.jpeg\" alt=\"\"\/>\n\t\t\t\t\t\t\t\t<div class=\"swiper-lazy-preloader swiper-lazy-preloader-white\"><\/div>\n\t\t\t\t\t\t\t\t\t\t\t\t\t\t\t<\/div>\n\t\t\t\t\t\t\t\t\t\t\t\t\t\n\t\t\t\t\t\t\t<div class=\"swiper-slide\">\n\t\t\t\t\t\t\t\t<img class=\"swiper-lazy\" data-src=\"https:\/\/itingagospel.com.br\/portal\/wp-content\/uploads\/2026\/03\/igreja-missao-apostolica-da-fe-15-anos-antonio-goncalves-19.jpeg\" alt=\"\"\/>\n\t\t\t\t\t\t\t\t<div class=\"swiper-lazy-preloader swiper-lazy-preloader-white\"><\/div>\n\t\t\t\t\t\t\t\t\t\t\t\t\t\t\t<\/div>\n\t\t\t\t\t\t\t\t\t\t\t\t\t\n\t\t\t\t\t\t\t<div class=\"swiper-slide\">\n\t\t\t\t\t\t\t\t<img class=\"swiper-lazy\" data-src=\"https:\/\/itingagospel.com.br\/portal\/wp-content\/uploads\/2026\/03\/igreja-missao-apostolica-da-fe-15-anos-antonio-goncalves-20.jpeg\" alt=\"\"\/>\n\t\t\t\t\t\t\t\t<div class=\"swiper-lazy-preloader swiper-lazy-preloader-white\"><\/div>\n\t\t\t\t\t\t\t\t\t\t\t\t\t\t\t<\/div>\n\t\t\t\t\t\t\t\t\t\t\t\t\t\n\t\t\t\t\t\t\t<div class=\"swiper-slide\">\n\t\t\t\t\t\t\t\t<img class=\"swiper-lazy\" data-src=\"https:\/\/itingagospel.com.br\/portal\/wp-content\/uploads\/2026\/03\/igreja-missao-apostolica-da-fe-15-anos-antonio-goncalves-21.jpeg\" alt=\"\"\/>\n\t\t\t\t\t\t\t\t<div class=\"swiper-lazy-preloader swiper-lazy-preloader-white\"><\/div>\n\t\t\t\t\t\t\t\t\t\t\t\t\t\t\t<\/div>\n\t\t\t\t\t\t\t\t\t\t\t\t\t\n\t\t\t\t\t\t\t<div class=\"swiper-slide\">\n\t\t\t\t\t\t\t\t<img class=\"swiper-lazy\" data-src=\"https:\/\/itingagospel.com.br\/portal\/wp-content\/uploads\/2026\/03\/igreja-missao-apostolica-da-fe-15-anos-antonio-goncalves-22.jpeg\" alt=\"\"\/>\n\t\t\t\t\t\t\t\t<div class=\"swiper-lazy-preloader swiper-lazy-preloader-white\"><\/div>\n\t\t\t\t\t\t\t\t\t\t\t\t\t\t\t<\/div>\n\t\t\t\t\t\t\t\t\t\t\t\t\t\n\t\t\t\t\t\t\t<div class=\"swiper-slide\">\n\t\t\t\t\t\t\t\t<img class=\"swiper-lazy\" data-src=\"https:\/\/itingagospel.com.br\/portal\/wp-content\/uploads\/2026\/03\/igreja-missao-apostolica-da-fe-15-anos-antonio-goncalves-23.jpeg\" alt=\"\"\/>\n\t\t\t\t\t\t\t\t<div class=\"swiper-lazy-preloader swiper-lazy-preloader-white\"><\/div>\n\t\t\t\t\t\t\t\t\t\t\t\t\t\t\t<\/div>\n\t\t\t\t\t\t\t\t\t\t\t\t\t\n\t\t\t\t\t\t\t<div class=\"swiper-slide\">\n\t\t\t\t\t\t\t\t<img class=\"swiper-lazy\" data-src=\"https:\/\/itingagospel.com.br\/portal\/wp-content\/uploads\/2026\/03\/igreja-missao-apostolica-da-fe-15-anos-antonio-goncalves-24.jpeg\" alt=\"\"\/>\n\t\t\t\t\t\t\t\t<div class=\"swiper-lazy-preloader swiper-lazy-preloader-white\"><\/div>\n\t\t\t\t\t\t\t\t\t\t\t\t\t\t\t<\/div>\n\t\t\t\t\t\t\t\t\t\t\t\t\t\n\t\t\t\t\t\t\t<div class=\"swiper-slide\">\n\t\t\t\t\t\t\t\t<img class=\"swiper-lazy\" data-src=\"https:\/\/itingagospel.com.br\/portal\/wp-content\/uploads\/2026\/03\/igreja-missao-apostolica-da-fe-15-anos-antonio-goncalves-25.jpeg\" alt=\"\"\/>\n\t\t\t\t\t\t\t\t<div class=\"swiper-lazy-preloader swiper-lazy-preloader-white\"><\/div>\n\t\t\t\t\t\t\t\t\t\t\t\t\t\t\t<\/div>\n\t\t\t\t\t\t\t\t\t\t\t\t\t\n\t\t\t\t\t\t\t<div class=\"swiper-slide\">\n\t\t\t\t\t\t\t\t<img class=\"swiper-lazy\" data-src=\"https:\/\/itingagospel.com.br\/portal\/wp-content\/uploads\/2026\/03\/igreja-missao-apostolica-da-fe-15-anos-antonio-goncalves-26.jpeg\" alt=\"\"\/>\n\t\t\t\t\t\t\t\t<div class=\"swiper-lazy-preloader swiper-lazy-preloader-white\"><\/div>\n\t\t\t\t\t\t\t\t\t\t\t\t\t\t\t<\/div>\n\t\t\t\t\t\t\t\t\t\t\t\t\t\n\t\t\t\t\t\t\t<div class=\"swiper-slide\">\n\t\t\t\t\t\t\t\t<img class=\"swiper-lazy\" data-src=\"https:\/\/itingagospel.com.br\/portal\/wp-content\/uploads\/2026\/03\/igreja-missao-apostolica-da-fe-15-anos-antonio-goncalves-1.jpeg\" alt=\"\"\/>\n\t\t\t\t\t\t\t\t<div class=\"swiper-lazy-preloader swiper-lazy-preloader-white\"><\/div>\n\t\t\t\t\t\t\t\t\t\t\t\t\t\t\t<\/div>\n\t\t\t\t\t\t\t\t\t\t\t\t\t\n\t\t\t\t\t\t\t<div class=\"swiper-slide\">\n\t\t\t\t\t\t\t\t<img class=\"swiper-lazy\" data-src=\"https:\/\/itingagospel.com.br\/portal\/wp-content\/uploads\/2026\/03\/igreja-missao-apostolica-da-fe-15-anos-antonio-goncalves-2.jpeg\" alt=\"\"\/>\n\t\t\t\t\t\t\t\t<div class=\"swiper-lazy-preloader swiper-lazy-preloader-white\"><\/div>\n\t\t\t\t\t\t\t\t\t\t\t\t\t\t\t<\/div>\n\t\t\t\t\t\t\t\t\t\t\t\t\t\n\t\t\t\t\t\t\t<div class=\"swiper-slide\">\n\t\t\t\t\t\t\t\t<img class=\"swiper-lazy\" data-src=\"https:\/\/itingagospel.com.br\/portal\/wp-content\/uploads\/2026\/03\/igreja-missao-apostolica-da-fe-15-anos-antonio-goncalves-3.jpeg\" alt=\"\"\/>\n\t\t\t\t\t\t\t\t<div class=\"swiper-lazy-preloader swiper-lazy-preloader-white\"><\/div>\n\t\t\t\t\t\t\t\t\t\t\t\t\t\t\t<\/div>\n\t\t\t\t\t\t\t\t\t\t\t\t\t\n\t\t\t\t\t\t\t<div class=\"swiper-slide\">\n\t\t\t\t\t\t\t\t<img class=\"swiper-lazy\" data-src=\"https:\/\/itingagospel.com.br\/portal\/wp-content\/uploads\/2026\/03\/igreja-missao-apostolica-da-fe-15-anos-antonio-goncalves-4.jpeg\" alt=\"\"\/>\n\t\t\t\t\t\t\t\t<div class=\"swiper-lazy-preloader swiper-lazy-preloader-white\"><\/div>\n\t\t\t\t\t\t\t\t\t\t\t\t\t\t\t<\/div>\n\t\t\t\t\t\t\t\t\t\t\t\t\t\n\t\t\t\t\t\t\t<div class=\"swiper-slide\">\n\t\t\t\t\t\t\t\t<img class=\"swiper-lazy\" data-src=\"https:\/\/itingagospel.com.br\/portal\/wp-content\/uploads\/2026\/03\/igreja-missao-apostolica-da-fe-15-anos-antonio-goncalves-5.jpeg\" alt=\"\"\/>\n\t\t\t\t\t\t\t\t<div class=\"swiper-lazy-preloader swiper-lazy-preloader-white\"><\/div>\n\t\t\t\t\t\t\t\t\t\t\t\t\t\t\t<\/div>\n\t\t\t\t\t\t\t\t\t\t\t\t\t\n\t\t\t\t\t\t\t<div class=\"swiper-slide\">\n\t\t\t\t\t\t\t\t<img class=\"swiper-lazy\" data-src=\"https:\/\/itingagospel.com.br\/portal\/wp-content\/uploads\/2026\/03\/igreja-missao-apostolica-da-fe-15-anos-antonio-goncalves-6.jpeg\" alt=\"\"\/>\n\t\t\t\t\t\t\t\t<div class=\"swiper-lazy-preloader swiper-lazy-preloader-white\"><\/div>\n\t\t\t\t\t\t\t\t\t\t\t\t\t\t\t<\/div>\n\t\t\t\t\t\t\t\t\t\t\t\t\t\n\t\t\t\t\t\t\t<div class=\"swiper-slide\">\n\t\t\t\t\t\t\t\t<img class=\"swiper-lazy\" data-src=\"https:\/\/itingagospel.com.br\/portal\/wp-content\/uploads\/2026\/03\/igreja-missao-apostolica-da-fe-15-anos-antonio-goncalves-7.jpeg\" alt=\"\"\/>\n\t\t\t\t\t\t\t\t<div class=\"swiper-lazy-preloader swiper-lazy-preloader-white\"><\/div>\n\t\t\t\t\t\t\t\t\t\t\t\t\t\t\t<\/div>\n\t\t\t\t\t\t\t\t\t\t\t\t\t\n\t\t\t\t\t\t\t<div class=\"swiper-slide\">\n\t\t\t\t\t\t\t\t<img class=\"swiper-lazy\" data-src=\"https:\/\/itingagospel.com.br\/portal\/wp-content\/uploads\/2026\/03\/igreja-missao-apostolica-da-fe-15-anos-antonio-goncalves-8.jpeg\" alt=\"\"\/>\n\t\t\t\t\t\t\t\t<div class=\"swiper-lazy-preloader swiper-lazy-preloader-white\"><\/div>\n\t\t\t\t\t\t\t\t\t\t\t\t\t\t\t<\/div>\n\t\t\t\t\t\t\t\t\t\t\t\t\t\n\t\t\t\t\t\t\t<div class=\"swiper-slide\">\n\t\t\t\t\t\t\t\t<img class=\"swiper-lazy\" data-src=\"https:\/\/itingagospel.com.br\/portal\/wp-content\/uploads\/2026\/03\/igreja-missao-apostolica-da-fe-15-anos-antonio-goncalves-9.jpeg\" alt=\"\"\/>\n\t\t\t\t\t\t\t\t<div class=\"swiper-lazy-preloader swiper-lazy-preloader-white\"><\/div>\n\t\t\t\t\t\t\t\t\t\t\t\t\t\t\t<\/div>\n\t\t\t\t\t\t\t\t\t\t\t\t\t\n\t\t\t\t\t\t\t<div class=\"swiper-slide\">\n\t\t\t\t\t\t\t\t<img class=\"swiper-lazy\" data-src=\"https:\/\/itingagospel.com.br\/portal\/wp-content\/uploads\/2026\/03\/igreja-missao-apostolica-da-fe-15-anos-antonio-goncalves-10.jpeg\" alt=\"\"\/>\n\t\t\t\t\t\t\t\t<div class=\"swiper-lazy-preloader swiper-lazy-preloader-white\"><\/div>\n\t\t\t\t\t\t\t\t\t\t\t\t\t\t\t<\/div>\n\t\t\t\t\t\t\t\t\t\t\t\t\t\n\t\t\t\t\t\t\t<div class=\"swiper-slide\">\n\t\t\t\t\t\t\t\t<img class=\"swiper-lazy\" data-src=\"https:\/\/itingagospel.com.br\/portal\/wp-content\/uploads\/2026\/03\/igreja-missao-apostolica-da-fe-15-anos-antonio-goncalves-11.jpeg\" alt=\"\"\/>\n\t\t\t\t\t\t\t\t<div class=\"swiper-lazy-preloader swiper-lazy-preloader-white\"><\/div>\n\t\t\t\t\t\t\t\t\t\t\t\t\t\t\t<\/div>\n\t\t\t\t\t\t\t\t\t\t\t\t\t\n\t\t\t\t\t\t\t<div class=\"swiper-slide\">\n\t\t\t\t\t\t\t\t<img class=\"swiper-lazy\" data-src=\"https:\/\/itingagospel.com.br\/portal\/wp-content\/uploads\/2026\/03\/igreja-missao-apostolica-da-fe-15-anos-antonio-goncalves-12.jpeg\" alt=\"\"\/>\n\t\t\t\t\t\t\t\t<div class=\"swiper-lazy-preloader swiper-lazy-preloader-white\"><\/div>\n\t\t\t\t\t\t\t\t\t\t\t\t\t\t\t<\/div>\n\t\t\t\t\t\t\t\t\t\t\t\t\t\n\t\t\t\t\t\t\t<div class=\"swiper-slide\">\n\t\t\t\t\t\t\t\t<img class=\"swiper-lazy\" data-src=\"https:\/\/itingagospel.com.br\/portal\/wp-content\/uploads\/2026\/03\/igreja-missao-apostolica-da-fe-15-anos-antonio-goncalves-13.jpeg\" alt=\"\"\/>\n\t\t\t\t\t\t\t\t<div class=\"swiper-lazy-preloader swiper-lazy-preloader-white\"><\/div>\n\t\t\t\t\t\t\t\t\t\t\t\t\t\t\t<\/div>\n\t\t\t\t\t\t\t\t\t\t\t\t\t\n\t\t\t\t\t\t\t<div class=\"swiper-slide\">\n\t\t\t\t\t\t\t\t<img class=\"swiper-lazy\" data-src=\"https:\/\/itingagospel.com.br\/portal\/wp-content\/uploads\/2026\/03\/igreja-missao-apostolica-da-fe-15-anos-antonio-goncalves-14.jpeg\" alt=\"\"\/>\n\t\t\t\t\t\t\t\t<div class=\"swiper-lazy-preloader swiper-lazy-preloader-white\"><\/div>\n\t\t\t\t\t\t\t\t\t\t\t\t\t\t\t<\/div>\n\t\t\t\t\t\t\t\t\t\t\t\t\t\n\t\t\t\t\t\t\t<div class=\"swiper-slide\">\n\t\t\t\t\t\t\t\t<img class=\"swiper-lazy\" data-src=\"https:\/\/itingagospel.com.br\/portal\/wp-content\/uploads\/2026\/03\/igreja-missao-apostolica-da-fe-15-anos-antonio-goncalves-15.jpeg\" alt=\"\"\/>\n\t\t\t\t\t\t\t\t<div class=\"swiper-lazy-preloader swiper-lazy-preloader-white\"><\/div>\n\t\t\t\t\t\t\t\t\t\t\t\t\t\t\t<\/div>\n\t\t\t\t\t\t\t\t\t\t\t<\/div>\n\t\t\t\t\t<div class=\"swiper-button-next\"><\/div>\n\t\t\t\t\t<div class=\"swiper-button-prev\"><\/div>\n\t\t\t\t<\/div>\t\t\t\n\t\t\t\t\t\t\t\t\t\t\t\t\t\t\t\t\t\t\t\t\t\t\t\t\t\t\t\t\t\t\t\t<button class='spectra-image-gallery__control-lightbox--close' aria-label=\"Close\">\n\t\t\t\t\t\t\t\t\t\t\t\t\t<svg xmlns=\"https:\/\/www.w3.org\/2000\/svg\" viewBox= \"0 0 320 512\"><path d=\"M310.6 361.4c12.5 12.5 12.5 32.75 0 45.25C304.4 412.9 296.2 416 288 416s-16.38-3.125-22.62-9.375L160 301.3L54.63 406.6C48.38 412.9 40.19 416 32 416S15.63 412.9 9.375 406.6c-12.5-12.5-12.5-32.75 0-45.25l105.4-105.4L9.375 150.6c-12.5-12.5-12.5-32.75 0-45.25s32.75-12.5 45.25 0L160 210.8l105.4-105.4c12.5-12.5 32.75-12.5 45.25 0s12.5 32.75 0 45.25l-105.4 105.4L310.6 361.4z\"><\/path><\/svg>\n\t\t\t\t\t\t\t\t\t\t\t\t<\/button>\n\t\t\t\t\t\t\t\t\t\t\t\t\t<\/div>\n\t\t\t\t\t\t\t\t\t","protected":false},"excerpt":{"rendered":"<p>A Igreja Miss\u00e3o Apost\u00f3lica da F\u00e9 em Ant\u00f4nio Gon\u00e7alves celebrou seus 15 anos de minist\u00e9rio com uma grande festa realizada<\/p>\n","protected":false},"author":1,"featured_media":42514,"comment_status":"closed","ping_status":"open","sticky":false,"template":"","format":"standard","meta":{"colormag_page_container_layout":"default_layout","colormag_page_sidebar_layout":"default_layout","_uag_custom_page_level_css":"","h5ap_radio_sources":[],"footnotes":""},"categories":[9,4],"tags":[],"class_list":["post-42495","post","type-post","status-publish","format-standard","has-post-thumbnail","hentry","category-eventos","category-noticias"],"yoast_head":"<!-- This site is optimized with the Yoast SEO plugin v27.4 - https:\/\/yoast.com\/product\/yoast-seo-wordpress\/ -->\n<title>Igreja Miss\u00e3o Apost\u00f3lica da F\u00e9 em Ant\u00f4nio Gon\u00e7alves celebra 15 anos com grande festa - Itinga Gospel<\/title>\n<meta name=\"robots\" content=\"index, follow, max-snippet:-1, max-image-preview:large, max-video-preview:-1\" \/>\n<link rel=\"canonical\" href=\"https:\/\/itingagospel.com.br\/portal\/igreja-missao-apostolica-da-fe-em-antonio-goncalves-celebra-15-anos-com-grande-festa\/\" \/>\n<meta property=\"og:locale\" content=\"pt_BR\" \/>\n<meta property=\"og:type\" content=\"article\" \/>\n<meta property=\"og:title\" content=\"Igreja Miss\u00e3o Apost\u00f3lica da F\u00e9 em Ant\u00f4nio Gon\u00e7alves celebra 15 anos com grande festa - Itinga Gospel\" \/>\n<meta property=\"og:description\" content=\"A Igreja Miss\u00e3o Apost\u00f3lica da F\u00e9 em Ant\u00f4nio Gon\u00e7alves celebrou seus 15 anos de minist\u00e9rio com uma grande festa realizada\" \/>\n<meta property=\"og:url\" content=\"https:\/\/itingagospel.com.br\/portal\/igreja-missao-apostolica-da-fe-em-antonio-goncalves-celebra-15-anos-com-grande-festa\/\" \/>\n<meta property=\"og:site_name\" content=\"Itinga Gospel\" \/>\n<meta property=\"article:published_time\" content=\"2026-03-24T12:16:25+00:00\" \/>\n<meta property=\"article:modified_time\" content=\"2026-03-24T12:22:26+00:00\" \/>\n<meta property=\"og:image\" content=\"https:\/\/itingagospel.com.br\/portal\/wp-content\/uploads\/2026\/03\/igreja-missao-apostolica-da-fe-15-anos-antonio-goncalves-7.jpeg\" \/>\n\t<meta property=\"og:image:width\" content=\"900\" \/>\n\t<meta property=\"og:image:height\" content=\"506\" \/>\n\t<meta property=\"og:image:type\" content=\"image\/jpeg\" \/>\n<meta name=\"author\" content=\"itingagospel\" \/>\n<meta name=\"twitter:card\" content=\"summary_large_image\" \/>\n<meta name=\"twitter:label1\" content=\"Escrito por\" \/>\n\t<meta name=\"twitter:data1\" content=\"itingagospel\" \/>\n\t<meta name=\"twitter:label2\" content=\"Est. tempo de leitura\" \/>\n\t<meta name=\"twitter:data2\" content=\"2 minutos\" \/>\n<script type=\"application\/ld+json\" class=\"yoast-schema-graph\">{\"@context\":\"https:\\\/\\\/schema.org\",\"@graph\":[{\"@type\":\"Article\",\"@id\":\"https:\\\/\\\/itingagospel.com.br\\\/portal\\\/igreja-missao-apostolica-da-fe-em-antonio-goncalves-celebra-15-anos-com-grande-festa\\\/#article\",\"isPartOf\":{\"@id\":\"https:\\\/\\\/itingagospel.com.br\\\/portal\\\/igreja-missao-apostolica-da-fe-em-antonio-goncalves-celebra-15-anos-com-grande-festa\\\/\"},\"author\":{\"name\":\"itingagospel\",\"@id\":\"https:\\\/\\\/itingagospel.com.br\\\/portal\\\/#\\\/schema\\\/person\\\/35bfe40a3857f9e7e52d8cd137bb766b\"},\"headline\":\"Igreja Miss\u00e3o Apost\u00f3lica da F\u00e9 em Ant\u00f4nio Gon\u00e7alves celebra 15 anos com grande festa\",\"datePublished\":\"2026-03-24T12:16:25+00:00\",\"dateModified\":\"2026-03-24T12:22:26+00:00\",\"mainEntityOfPage\":{\"@id\":\"https:\\\/\\\/itingagospel.com.br\\\/portal\\\/igreja-missao-apostolica-da-fe-em-antonio-goncalves-celebra-15-anos-com-grande-festa\\\/\"},\"wordCount\":264,\"publisher\":{\"@id\":\"https:\\\/\\\/itingagospel.com.br\\\/portal\\\/#\\\/schema\\\/person\\\/35bfe40a3857f9e7e52d8cd137bb766b\"},\"image\":{\"@id\":\"https:\\\/\\\/itingagospel.com.br\\\/portal\\\/igreja-missao-apostolica-da-fe-em-antonio-goncalves-celebra-15-anos-com-grande-festa\\\/#primaryimage\"},\"thumbnailUrl\":\"https:\\\/\\\/itingagospel.com.br\\\/portal\\\/wp-content\\\/uploads\\\/2026\\\/03\\\/igreja-missao-apostolica-da-fe-15-anos-antonio-goncalves-7.jpeg\",\"articleSection\":[\"EVENTOS\",\"NOT\u00cdCIAS\"],\"inLanguage\":\"pt-BR\"},{\"@type\":\"WebPage\",\"@id\":\"https:\\\/\\\/itingagospel.com.br\\\/portal\\\/igreja-missao-apostolica-da-fe-em-antonio-goncalves-celebra-15-anos-com-grande-festa\\\/\",\"url\":\"https:\\\/\\\/itingagospel.com.br\\\/portal\\\/igreja-missao-apostolica-da-fe-em-antonio-goncalves-celebra-15-anos-com-grande-festa\\\/\",\"name\":\"Igreja Miss\u00e3o Apost\u00f3lica da F\u00e9 em Ant\u00f4nio Gon\u00e7alves celebra 15 anos com grande festa - Itinga Gospel\",\"isPartOf\":{\"@id\":\"https:\\\/\\\/itingagospel.com.br\\\/portal\\\/#website\"},\"primaryImageOfPage\":{\"@id\":\"https:\\\/\\\/itingagospel.com.br\\\/portal\\\/igreja-missao-apostolica-da-fe-em-antonio-goncalves-celebra-15-anos-com-grande-festa\\\/#primaryimage\"},\"image\":{\"@id\":\"https:\\\/\\\/itingagospel.com.br\\\/portal\\\/igreja-missao-apostolica-da-fe-em-antonio-goncalves-celebra-15-anos-com-grande-festa\\\/#primaryimage\"},\"thumbnailUrl\":\"https:\\\/\\\/itingagospel.com.br\\\/portal\\\/wp-content\\\/uploads\\\/2026\\\/03\\\/igreja-missao-apostolica-da-fe-15-anos-antonio-goncalves-7.jpeg\",\"datePublished\":\"2026-03-24T12:16:25+00:00\",\"dateModified\":\"2026-03-24T12:22:26+00:00\",\"breadcrumb\":{\"@id\":\"https:\\\/\\\/itingagospel.com.br\\\/portal\\\/igreja-missao-apostolica-da-fe-em-antonio-goncalves-celebra-15-anos-com-grande-festa\\\/#breadcrumb\"},\"inLanguage\":\"pt-BR\",\"potentialAction\":[{\"@type\":\"ReadAction\",\"target\":[\"https:\\\/\\\/itingagospel.com.br\\\/portal\\\/igreja-missao-apostolica-da-fe-em-antonio-goncalves-celebra-15-anos-com-grande-festa\\\/\"]}]},{\"@type\":\"ImageObject\",\"inLanguage\":\"pt-BR\",\"@id\":\"https:\\\/\\\/itingagospel.com.br\\\/portal\\\/igreja-missao-apostolica-da-fe-em-antonio-goncalves-celebra-15-anos-com-grande-festa\\\/#primaryimage\",\"url\":\"https:\\\/\\\/itingagospel.com.br\\\/portal\\\/wp-content\\\/uploads\\\/2026\\\/03\\\/igreja-missao-apostolica-da-fe-15-anos-antonio-goncalves-7.jpeg\",\"contentUrl\":\"https:\\\/\\\/itingagospel.com.br\\\/portal\\\/wp-content\\\/uploads\\\/2026\\\/03\\\/igreja-missao-apostolica-da-fe-15-anos-antonio-goncalves-7.jpeg\",\"width\":900,\"height\":506},{\"@type\":\"BreadcrumbList\",\"@id\":\"https:\\\/\\\/itingagospel.com.br\\\/portal\\\/igreja-missao-apostolica-da-fe-em-antonio-goncalves-celebra-15-anos-com-grande-festa\\\/#breadcrumb\",\"itemListElement\":[{\"@type\":\"ListItem\",\"position\":1,\"name\":\"In\u00edcio\",\"item\":\"https:\\\/\\\/itingagospel.com.br\\\/portal\\\/\"},{\"@type\":\"ListItem\",\"position\":2,\"name\":\"Igreja Miss\u00e3o Apost\u00f3lica da F\u00e9 em Ant\u00f4nio Gon\u00e7alves celebra 15 anos com grande festa\"}]},{\"@type\":\"WebSite\",\"@id\":\"https:\\\/\\\/itingagospel.com.br\\\/portal\\\/#website\",\"url\":\"https:\\\/\\\/itingagospel.com.br\\\/portal\\\/\",\"name\":\"Itinga Gospel\",\"description\":\"O Portal do Povo de Deus na Bahia\",\"publisher\":{\"@id\":\"https:\\\/\\\/itingagospel.com.br\\\/portal\\\/#\\\/schema\\\/person\\\/35bfe40a3857f9e7e52d8cd137bb766b\"},\"potentialAction\":[{\"@type\":\"SearchAction\",\"target\":{\"@type\":\"EntryPoint\",\"urlTemplate\":\"https:\\\/\\\/itingagospel.com.br\\\/portal\\\/?s={search_term_string}\"},\"query-input\":{\"@type\":\"PropertyValueSpecification\",\"valueRequired\":true,\"valueName\":\"search_term_string\"}}],\"inLanguage\":\"pt-BR\"},{\"@type\":[\"Person\",\"Organization\"],\"@id\":\"https:\\\/\\\/itingagospel.com.br\\\/portal\\\/#\\\/schema\\\/person\\\/35bfe40a3857f9e7e52d8cd137bb766b\",\"name\":\"itingagospel\",\"image\":{\"@type\":\"ImageObject\",\"inLanguage\":\"pt-BR\",\"@id\":\"https:\\\/\\\/itingagospel.com.br\\\/portal\\\/wp-content\\\/uploads\\\/2022\\\/10\\\/cropped-logitingagospel.png\",\"url\":\"https:\\\/\\\/itingagospel.com.br\\\/portal\\\/wp-content\\\/uploads\\\/2022\\\/10\\\/cropped-logitingagospel.png\",\"contentUrl\":\"https:\\\/\\\/itingagospel.com.br\\\/portal\\\/wp-content\\\/uploads\\\/2022\\\/10\\\/cropped-logitingagospel.png\",\"width\":512,\"height\":512,\"caption\":\"itingagospel\"},\"logo\":{\"@id\":\"https:\\\/\\\/itingagospel.com.br\\\/portal\\\/wp-content\\\/uploads\\\/2022\\\/10\\\/cropped-logitingagospel.png\"},\"url\":\"https:\\\/\\\/itingagospel.com.br\\\/portal\\\/author\\\/itingagospel\\\/\"}]}<\/script>\n<!-- \/ Yoast SEO plugin. -->","yoast_head_json":{"title":"Igreja Miss\u00e3o Apost\u00f3lica da F\u00e9 em Ant\u00f4nio Gon\u00e7alves celebra 15 anos com grande festa - Itinga Gospel","robots":{"index":"index","follow":"follow","max-snippet":"max-snippet:-1","max-image-preview":"max-image-preview:large","max-video-preview":"max-video-preview:-1"},"canonical":"https:\/\/itingagospel.com.br\/portal\/igreja-missao-apostolica-da-fe-em-antonio-goncalves-celebra-15-anos-com-grande-festa\/","og_locale":"pt_BR","og_type":"article","og_title":"Igreja Miss\u00e3o Apost\u00f3lica da F\u00e9 em Ant\u00f4nio Gon\u00e7alves celebra 15 anos com grande festa - Itinga Gospel","og_description":"A Igreja Miss\u00e3o Apost\u00f3lica da F\u00e9 em Ant\u00f4nio Gon\u00e7alves celebrou seus 15 anos de minist\u00e9rio com uma grande festa realizada","og_url":"https:\/\/itingagospel.com.br\/portal\/igreja-missao-apostolica-da-fe-em-antonio-goncalves-celebra-15-anos-com-grande-festa\/","og_site_name":"Itinga Gospel","article_published_time":"2026-03-24T12:16:25+00:00","article_modified_time":"2026-03-24T12:22:26+00:00","og_image":[{"width":900,"height":506,"url":"https:\/\/itingagospel.com.br\/portal\/wp-content\/uploads\/2026\/03\/igreja-missao-apostolica-da-fe-15-anos-antonio-goncalves-7.jpeg","type":"image\/jpeg"}],"author":"itingagospel","twitter_card":"summary_large_image","twitter_misc":{"Escrito por":"itingagospel","Est. tempo de leitura":"2 minutos"},"schema":{"@context":"https:\/\/schema.org","@graph":[{"@type":"Article","@id":"https:\/\/itingagospel.com.br\/portal\/igreja-missao-apostolica-da-fe-em-antonio-goncalves-celebra-15-anos-com-grande-festa\/#article","isPartOf":{"@id":"https:\/\/itingagospel.com.br\/portal\/igreja-missao-apostolica-da-fe-em-antonio-goncalves-celebra-15-anos-com-grande-festa\/"},"author":{"name":"itingagospel","@id":"https:\/\/itingagospel.com.br\/portal\/#\/schema\/person\/35bfe40a3857f9e7e52d8cd137bb766b"},"headline":"Igreja Miss\u00e3o Apost\u00f3lica da F\u00e9 em Ant\u00f4nio Gon\u00e7alves celebra 15 anos com grande festa","datePublished":"2026-03-24T12:16:25+00:00","dateModified":"2026-03-24T12:22:26+00:00","mainEntityOfPage":{"@id":"https:\/\/itingagospel.com.br\/portal\/igreja-missao-apostolica-da-fe-em-antonio-goncalves-celebra-15-anos-com-grande-festa\/"},"wordCount":264,"publisher":{"@id":"https:\/\/itingagospel.com.br\/portal\/#\/schema\/person\/35bfe40a3857f9e7e52d8cd137bb766b"},"image":{"@id":"https:\/\/itingagospel.com.br\/portal\/igreja-missao-apostolica-da-fe-em-antonio-goncalves-celebra-15-anos-com-grande-festa\/#primaryimage"},"thumbnailUrl":"https:\/\/itingagospel.com.br\/portal\/wp-content\/uploads\/2026\/03\/igreja-missao-apostolica-da-fe-15-anos-antonio-goncalves-7.jpeg","articleSection":["EVENTOS","NOT\u00cdCIAS"],"inLanguage":"pt-BR"},{"@type":"WebPage","@id":"https:\/\/itingagospel.com.br\/portal\/igreja-missao-apostolica-da-fe-em-antonio-goncalves-celebra-15-anos-com-grande-festa\/","url":"https:\/\/itingagospel.com.br\/portal\/igreja-missao-apostolica-da-fe-em-antonio-goncalves-celebra-15-anos-com-grande-festa\/","name":"Igreja Miss\u00e3o Apost\u00f3lica da F\u00e9 em Ant\u00f4nio Gon\u00e7alves celebra 15 anos com grande festa - Itinga Gospel","isPartOf":{"@id":"https:\/\/itingagospel.com.br\/portal\/#website"},"primaryImageOfPage":{"@id":"https:\/\/itingagospel.com.br\/portal\/igreja-missao-apostolica-da-fe-em-antonio-goncalves-celebra-15-anos-com-grande-festa\/#primaryimage"},"image":{"@id":"https:\/\/itingagospel.com.br\/portal\/igreja-missao-apostolica-da-fe-em-antonio-goncalves-celebra-15-anos-com-grande-festa\/#primaryimage"},"thumbnailUrl":"https:\/\/itingagospel.com.br\/portal\/wp-content\/uploads\/2026\/03\/igreja-missao-apostolica-da-fe-15-anos-antonio-goncalves-7.jpeg","datePublished":"2026-03-24T12:16:25+00:00","dateModified":"2026-03-24T12:22:26+00:00","breadcrumb":{"@id":"https:\/\/itingagospel.com.br\/portal\/igreja-missao-apostolica-da-fe-em-antonio-goncalves-celebra-15-anos-com-grande-festa\/#breadcrumb"},"inLanguage":"pt-BR","potentialAction":[{"@type":"ReadAction","target":["https:\/\/itingagospel.com.br\/portal\/igreja-missao-apostolica-da-fe-em-antonio-goncalves-celebra-15-anos-com-grande-festa\/"]}]},{"@type":"ImageObject","inLanguage":"pt-BR","@id":"https:\/\/itingagospel.com.br\/portal\/igreja-missao-apostolica-da-fe-em-antonio-goncalves-celebra-15-anos-com-grande-festa\/#primaryimage","url":"https:\/\/itingagospel.com.br\/portal\/wp-content\/uploads\/2026\/03\/igreja-missao-apostolica-da-fe-15-anos-antonio-goncalves-7.jpeg","contentUrl":"https:\/\/itingagospel.com.br\/portal\/wp-content\/uploads\/2026\/03\/igreja-missao-apostolica-da-fe-15-anos-antonio-goncalves-7.jpeg","width":900,"height":506},{"@type":"BreadcrumbList","@id":"https:\/\/itingagospel.com.br\/portal\/igreja-missao-apostolica-da-fe-em-antonio-goncalves-celebra-15-anos-com-grande-festa\/#breadcrumb","itemListElement":[{"@type":"ListItem","position":1,"name":"In\u00edcio","item":"https:\/\/itingagospel.com.br\/portal\/"},{"@type":"ListItem","position":2,"name":"Igreja Miss\u00e3o Apost\u00f3lica da F\u00e9 em Ant\u00f4nio Gon\u00e7alves celebra 15 anos com grande festa"}]},{"@type":"WebSite","@id":"https:\/\/itingagospel.com.br\/portal\/#website","url":"https:\/\/itingagospel.com.br\/portal\/","name":"Itinga Gospel","description":"O Portal do Povo de Deus na Bahia","publisher":{"@id":"https:\/\/itingagospel.com.br\/portal\/#\/schema\/person\/35bfe40a3857f9e7e52d8cd137bb766b"},"potentialAction":[{"@type":"SearchAction","target":{"@type":"EntryPoint","urlTemplate":"https:\/\/itingagospel.com.br\/portal\/?s={search_term_string}"},"query-input":{"@type":"PropertyValueSpecification","valueRequired":true,"valueName":"search_term_string"}}],"inLanguage":"pt-BR"},{"@type":["Person","Organization"],"@id":"https:\/\/itingagospel.com.br\/portal\/#\/schema\/person\/35bfe40a3857f9e7e52d8cd137bb766b","name":"itingagospel","image":{"@type":"ImageObject","inLanguage":"pt-BR","@id":"https:\/\/itingagospel.com.br\/portal\/wp-content\/uploads\/2022\/10\/cropped-logitingagospel.png","url":"https:\/\/itingagospel.com.br\/portal\/wp-content\/uploads\/2022\/10\/cropped-logitingagospel.png","contentUrl":"https:\/\/itingagospel.com.br\/portal\/wp-content\/uploads\/2022\/10\/cropped-logitingagospel.png","width":512,"height":512,"caption":"itingagospel"},"logo":{"@id":"https:\/\/itingagospel.com.br\/portal\/wp-content\/uploads\/2022\/10\/cropped-logitingagospel.png"},"url":"https:\/\/itingagospel.com.br\/portal\/author\/itingagospel\/"}]}},"uagb_featured_image_src":{"full":["https:\/\/itingagospel.com.br\/portal\/wp-content\/uploads\/2026\/03\/igreja-missao-apostolica-da-fe-15-anos-antonio-goncalves-7.jpeg",900,506,false],"thumbnail":["https:\/\/itingagospel.com.br\/portal\/wp-content\/uploads\/2026\/03\/igreja-missao-apostolica-da-fe-15-anos-antonio-goncalves-7-200x112.jpeg",200,112,true],"medium":["https:\/\/itingagospel.com.br\/portal\/wp-content\/uploads\/2026\/03\/igreja-missao-apostolica-da-fe-15-anos-antonio-goncalves-7-640x360.jpeg",640,360,true],"medium_large":["https:\/\/itingagospel.com.br\/portal\/wp-content\/uploads\/2026\/03\/igreja-missao-apostolica-da-fe-15-anos-antonio-goncalves-7-768x432.jpeg",768,432,true],"large":["https:\/\/itingagospel.com.br\/portal\/wp-content\/uploads\/2026\/03\/igreja-missao-apostolica-da-fe-15-anos-antonio-goncalves-7.jpeg",800,450,false],"1536x1536":["https:\/\/itingagospel.com.br\/portal\/wp-content\/uploads\/2026\/03\/igreja-missao-apostolica-da-fe-15-anos-antonio-goncalves-7.jpeg",900,506,false],"2048x2048":["https:\/\/itingagospel.com.br\/portal\/wp-content\/uploads\/2026\/03\/igreja-missao-apostolica-da-fe-15-anos-antonio-goncalves-7.jpeg",900,506,false],"colormag-highlighted-post":["https:\/\/itingagospel.com.br\/portal\/wp-content\/uploads\/2026\/03\/igreja-missao-apostolica-da-fe-15-anos-antonio-goncalves-7-392x272.jpeg",392,272,true],"colormag-featured-post-medium":["https:\/\/itingagospel.com.br\/portal\/wp-content\/uploads\/2026\/03\/igreja-missao-apostolica-da-fe-15-anos-antonio-goncalves-7-390x205.jpeg",390,205,true],"colormag-featured-post-small":["https:\/\/itingagospel.com.br\/portal\/wp-content\/uploads\/2026\/03\/igreja-missao-apostolica-da-fe-15-anos-antonio-goncalves-7-130x90.jpeg",130,90,true],"colormag-featured-image":["https:\/\/itingagospel.com.br\/portal\/wp-content\/uploads\/2026\/03\/igreja-missao-apostolica-da-fe-15-anos-antonio-goncalves-7-800x445.jpeg",800,445,true],"colormag-default-news":["https:\/\/itingagospel.com.br\/portal\/wp-content\/uploads\/2026\/03\/igreja-missao-apostolica-da-fe-15-anos-antonio-goncalves-7-150x150.jpeg",150,150,true],"colormag-featured-image-large":["https:\/\/itingagospel.com.br\/portal\/wp-content\/uploads\/2026\/03\/igreja-missao-apostolica-da-fe-15-anos-antonio-goncalves-7.jpeg",900,506,false]},"uagb_author_info":{"display_name":"itingagospel","author_link":"https:\/\/itingagospel.com.br\/portal\/author\/itingagospel\/"},"uagb_comment_info":0,"uagb_excerpt":"A Igreja Miss\u00e3o Apost\u00f3lica da F\u00e9 em Ant\u00f4nio Gon\u00e7alves celebrou seus 15 anos de minist\u00e9rio com uma grande festa realizada","_links":{"self":[{"href":"https:\/\/itingagospel.com.br\/portal\/wp-json\/wp\/v2\/posts\/42495","targetHints":{"allow":["GET"]}}],"collection":[{"href":"https:\/\/itingagospel.com.br\/portal\/wp-json\/wp\/v2\/posts"}],"about":[{"href":"https:\/\/itingagospel.com.br\/portal\/wp-json\/wp\/v2\/types\/post"}],"author":[{"embeddable":true,"href":"https:\/\/itingagospel.com.br\/portal\/wp-json\/wp\/v2\/users\/1"}],"replies":[{"embeddable":true,"href":"https:\/\/itingagospel.com.br\/portal\/wp-json\/wp\/v2\/comments?post=42495"}],"version-history":[{"count":4,"href":"https:\/\/itingagospel.com.br\/portal\/wp-json\/wp\/v2\/posts\/42495\/revisions"}],"predecessor-version":[{"id":42525,"href":"https:\/\/itingagospel.com.br\/portal\/wp-json\/wp\/v2\/posts\/42495\/revisions\/42525"}],"wp:featuredmedia":[{"embeddable":true,"href":"https:\/\/itingagospel.com.br\/portal\/wp-json\/wp\/v2\/media\/42514"}],"wp:attachment":[{"href":"https:\/\/itingagospel.com.br\/portal\/wp-json\/wp\/v2\/media?parent=42495"}],"wp:term":[{"taxonomy":"category","embeddable":true,"href":"https:\/\/itingagospel.com.br\/portal\/wp-json\/wp\/v2\/categories?post=42495"},{"taxonomy":"post_tag","embeddable":true,"href":"https:\/\/itingagospel.com.br\/portal\/wp-json\/wp\/v2\/tags?post=42495"}],"curies":[{"name":"wp","href":"https:\/\/api.w.org\/{rel}","templated":true}]}}